{"id":221609,"date":"2022-05-11T21:05:28","date_gmt":"2022-05-11T19:05:28","guid":{"rendered":"https:\/\/www.cronacaonline.it\/?p=221609"},"modified":"2022-05-11T21:05:30","modified_gmt":"2022-05-11T19:05:30","slug":"consiglio-sardegna-continuita-marittima-e-aerea-audizione-dellassessore-todde-in-iv-commissione","status":"publish","type":"post","link":"https:\/\/www.cronacaonline.it\/index.php\/2022\/05\/11\/consiglio-sardegna-continuita-marittima-e-aerea-audizione-dellassessore-todde-in-iv-commissione\/","title":{"rendered":"Consiglio Sardegna &#8211; Continuit\u00e0 marittima e aerea, audizione dell\u2019assessore Todde in IV Commissione."},"content":{"rendered":"\n<p>Cagliari, 11 Magg 2022 - Si \u00e8 parlato della continuit\u00e0 marittima e aerea nella seduta della commissione Trasporti, presieduta da Giuseppe Talanas (FI), che ha sentito in audizione l\u2019assessore regionale dei Trasporti, Giorgio Todde, la DG dell\u2019Assessorato, Gabriella Massidda. Sulla continuit\u00e0 territoriale marittima, l\u2019assessore ha riferito di aver incontrato stamattina i vertici dei vettori che viaggiano da e per la Sardegna e che le compagnie non hanno evidenziato particolari problemi. Todde ha anche riferito, per\u00f2, che la situazione relativa ai bandi \u00e8 complessa perch\u00e9 la Regione non ha competenza in materia ed \u00e8 tutto gestito dal Ministero dei Trasporti. Todde ha spiegato che in sede di Conferenza Stato-Regioni \u00e8 stato firmato un documento inviato al Ministro affinch\u00e9 intervenga con rapidit\u00e0 per garantire la mobilit\u00e0 ai cittadini sardi, alle aziende che importano ed esportano e ai turisti. Attualmente l\u2019unica tratta in convenzione \u00e8 la Civitavecchia-Arbatax- Cagliari, le altre rotte hanno diversi tipi di regime tariffario. Su nove tratte, ha spiegato la dottoressa Massidda, soltanto quattro hanno vincoli tariffari: si tratta della Olbia-Civitavecchia, Cagliari-Napoli-Palermo, Porto Torres-Genova e la Civitavecchia-Arbatax-Cagliari, le altre tratte sono in regime di libero mercato. I residenti sardi sono, comunque, stati messi in sicurezza, ha chiarito l\u2019assessore, chi soffre di pi\u00f9 sono le aziende legate al trasporto delle merci a causa del caro gasolio. I vettori hanno anche reso noto che si sta tornando ai numeri di passeggeri e di trasporto merci pre Covid. I commissari hanno evidenziato che sono arrivate diverse segnalazioni da parte dei cittadini che non riescono a trovare cabine disponibili ad agosto sulla Civitavecchia-Cagliari oppure prezzi troppo alti su altre tratte. L\u2019assessore e la dottoressa Massidda hanno esortato a far pervenire in assessorato tali segnalazioni in modo che la Giunta possa intervenire con il Ministero per risolvere il problema della carenza di cabine disponibili. Sul tema sono intervenuti i consiglieri Giuseppe Meloni (Pd), Valter Piscedda (PD), la consigliera Maria Laura Orr\u00f9 (Progressisti) e Roberto Li Gioi (M5S), che hanno chiesto all\u2019assessore di far valere ancora di pi\u00f9 le ragioni della Sardegna e dei sardi, ma anche pensare alla possibilit\u00e0 di dare sostegni economici alle imprese.\u00a0<\/p>\n\n\n\n<p>Per quanto riguarda la continuit\u00e0 aerea, i commissari Meloni, Piscedda, Orr\u00f9 e Li Gioi, hanno evidenziato le problematiche dei pochi voli e del caro biglietti per i non residenti che incidono sui nativi sardi e sul settore turistico. Tutto questo a fronte di un risparmio per la Regione di circa 40 milioni di euro per i prossimi 12 mesi perch\u00e9 le compagnie Ita e Volotea hanno deciso di accettare gli oneri di servizio pubblico senza compensazioni per un anno, che potrebbero diventare due. I consiglieri hanno dunque chiesto all\u2019esponente della Giunta di studiare un modo per riutilizzare le risorse risparmiate per migliorare la mobilit\u00e0 da e per la Sardegna. Todde e Massidda hanno parlato dei tanti e troppi vincoli imposti dai regolamenti europei. L\u2019assessore e i funzionari dell\u2019assessorato stanno interloquendo senza sosta con la Commissione europea per garantire alla Sardegna un\u2019interpretazione del regolamento comunitario meno rigido, vista la condizione di insularit\u00e0. E\u2019 previsto un incontro, a breve, con la Commissaria europea per i Trasporti alla quale la Regione sottoporr\u00e0, ancora una volta, le esigenze dell\u2019Isola. Nel corso della seduta sono intervenuti il capogruppo del Psd\u2019Az, Franco Mula, e Ignazio Manca (Lega).&nbsp;Com<\/p>\n","protected":false},"excerpt":{"rendered":"<p>Cagliari, 11 Magg 2022 &#8211; Si \u00e8 parlato della continuit\u00e0 marittima e aerea nella seduta della commissione Trasporti, presieduta da Giuseppe Talanas (FI), che ha&#8230;<\/p>\n","protected":false},"author":2,"featured_media":191300,"comment_status":"closed","ping_status":"open","sticky":false,"template":"","format":"standard","meta":[],"categories":[49,52],"tags":[],"_links":{"self":[{"href":"https:\/\/www.cronacaonline.it\/index.php\/wp-json\/wp\/v2\/posts\/221609"}],"collection":[{"href":"https:\/\/www.cronacaonline.it\/index.php\/wp-json\/wp\/v2\/posts"}],"about":[{"href":"https:\/\/www.cronacaonline.it\/index.php\/wp-json\/wp\/v2\/types\/post"}],"author":[{"embeddable":true,"href":"https:\/\/www.cronacaonline.it\/index.php\/wp-json\/wp\/v2\/users\/2"}],"replies":[{"embeddable":true,"href":"https:\/\/www.cronacaonline.it\/index.php\/wp-json\/wp\/v2\/comments?post=221609"}],"version-history":[{"count":1,"href":"https:\/\/www.cronacaonline.it\/index.php\/wp-json\/wp\/v2\/posts\/221609\/revisions"}],"predecessor-version":[{"id":221610,"href":"https:\/\/www.cronacaonline.it\/index.php\/wp-json\/wp\/v2\/posts\/221609\/revisions\/221610"}],"wp:featuredmedia":[{"embeddable":true,"href":"https:\/\/www.cronacaonline.it\/index.php\/wp-json\/wp\/v2\/media\/191300"}],"wp:attachment":[{"href":"https:\/\/www.cronacaonline.it\/index.php\/wp-json\/wp\/v2\/media?parent=221609"}],"wp:term":[{"taxonomy":"category","embeddable":true,"href":"https:\/\/www.cronacaonline.it\/index.php\/wp-json\/wp\/v2\/categories?post=221609"},{"taxonomy":"post_tag","embeddable":true,"href":"https:\/\/www.cronacaonline.it\/index.php\/wp-json\/wp\/v2\/tags?post=221609"}],"curies":[{"name":"wp","href":"https:\/\/api.w.org\/{rel}","templated":true}]}}