{"id":221606,"date":"2022-05-11T19:01:07","date_gmt":"2022-05-11T17:01:07","guid":{"rendered":"https:\/\/www.cronacaonline.it\/?p=221606"},"modified":"2022-05-11T19:01:10","modified_gmt":"2022-05-11T17:01:10","slug":"maieli-peste-suina-eradicata-dagli-allevamenti-sardi-in-regola-lue-elimini-il-divieto-di-export","status":"publish","type":"post","link":"https:\/\/www.cronacaonline.it\/index.php\/2022\/05\/11\/maieli-peste-suina-eradicata-dagli-allevamenti-sardi-in-regola-lue-elimini-il-divieto-di-export\/","title":{"rendered":"Maieli: peste suina eradicata dagli allevamenti sardi in regola, l\u2019Ue elimini il divieto di export."},"content":{"rendered":"\n<p>Cagliari, 11 Magg 2022 - \u201cI focolai di peste suina sono stati eradicati dalla Sardegna in questi anni grazie al lavoro della Regione e al contributo degli allevatori in regola. Chiediamo al presidente Solinas di appellarsi al governo italiano perch\u00e9 l\u2019Europa rimuova il divieto di esportazione delle carni suine sarde. Un altro conto sono gli allevamenti abusivi, che vanno perseguiti: pu\u00f2 darsi che l\u00ec sopravvivano focolai ma allo stesso modo possiamo dire con certezza che la peste suina \u00e8 in questo momento a Torino come a Roma e in parte dell\u2019Europa\u201d.<\/p>\n\n\n\n<p>Lo ha detto Piero Maieli, presidente della commissione Agricoltura, a margine delle audizioni di Antonio Montisci (direttore del servizio dell\u2019assessorato alla Sanit\u00e0) e di Sandro Rolesu (direttore sanitario dell\u2019Istituto zoo profilattico).&nbsp;&nbsp; Per quest\u2019ultimo \u00e8 necessario \u201cstare attenti a non introdurre di nuovo il virus con l\u2019afflusso imminente di turisti in Sardegna e non bisogna sottovalutare proprio le segnalazioni che arrivano da oltre Tirreno\u201d.<\/p>\n\n\n\n<p>Sul fronte della lingua blu, Montisci ha detto al parlamentino, riunito in seduta congiunta con la commissione Prima: \u201cAbbiamo acquistato 700 mila vaccini e altri 600 mila sono in arrivo. Ci serve per\u00f2 il personale per poter procedere a una importante azione di profilassi\u201d. Com<\/p>\n","protected":false},"excerpt":{"rendered":"<p>Cagliari, 11 Magg 2022 &#8211; \u201cI focolai di peste suina sono stati eradicati dalla Sardegna in questi anni grazie al lavoro della Regione e al&#8230;<\/p>\n","protected":false},"author":2,"featured_media":192512,"comment_status":"closed","ping_status":"open","sticky":false,"template":"","format":"standard","meta":[],"categories":[49,52],"tags":[],"_links":{"self":[{"href":"https:\/\/www.cronacaonline.it\/index.php\/wp-json\/wp\/v2\/posts\/221606"}],"collection":[{"href":"https:\/\/www.cronacaonline.it\/index.php\/wp-json\/wp\/v2\/posts"}],"about":[{"href":"https:\/\/www.cronacaonline.it\/index.php\/wp-json\/wp\/v2\/types\/post"}],"author":[{"embeddable":true,"href":"https:\/\/www.cronacaonline.it\/index.php\/wp-json\/wp\/v2\/users\/2"}],"replies":[{"embeddable":true,"href":"https:\/\/www.cronacaonline.it\/index.php\/wp-json\/wp\/v2\/comments?post=221606"}],"version-history":[{"count":1,"href":"https:\/\/www.cronacaonline.it\/index.php\/wp-json\/wp\/v2\/posts\/221606\/revisions"}],"predecessor-version":[{"id":221607,"href":"https:\/\/www.cronacaonline.it\/index.php\/wp-json\/wp\/v2\/posts\/221606\/revisions\/221607"}],"wp:featuredmedia":[{"embeddable":true,"href":"https:\/\/www.cronacaonline.it\/index.php\/wp-json\/wp\/v2\/media\/192512"}],"wp:attachment":[{"href":"https:\/\/www.cronacaonline.it\/index.php\/wp-json\/wp\/v2\/media?parent=221606"}],"wp:term":[{"taxonomy":"category","embeddable":true,"href":"https:\/\/www.cronacaonline.it\/index.php\/wp-json\/wp\/v2\/categories?post=221606"},{"taxonomy":"post_tag","embeddable":true,"href":"https:\/\/www.cronacaonline.it\/index.php\/wp-json\/wp\/v2\/tags?post=221606"}],"curies":[{"name":"wp","href":"https:\/\/api.w.org\/{rel}","templated":true}]}}