{"id":221588,"date":"2022-05-11T14:33:38","date_gmt":"2022-05-11T12:33:38","guid":{"rendered":"https:\/\/www.cronacaonline.it\/?p=221588"},"modified":"2022-05-11T14:33:41","modified_gmt":"2022-05-11T12:33:41","slug":"regione-in-chiusura-la-programmazione-por-fesr-2014-2020-il-presidente-solinas-pronti-a-intercettare-la-ripresa-con-il-piano-regionale-2021-2027","status":"publish","type":"post","link":"https:\/\/www.cronacaonline.it\/index.php\/2022\/05\/11\/regione-in-chiusura-la-programmazione-por-fesr-2014-2020-il-presidente-solinas-pronti-a-intercettare-la-ripresa-con-il-piano-regionale-2021-2027\/","title":{"rendered":"Regione, in chiusura la programmazione por Fesr 2014-2020. Il presidente Solinas: \u201cpronti a intercettare la ripresa con il piano regionale 2021-2027\u201d."},"content":{"rendered":"\n<p>Cagliari, 11 Magg 2022 \u2013\u00a0Si avvia verso la chiusura la programmazione 2014-2020 del POR FESR Sardegna con cui sono state messe a disposizione risorse per 930,9 milioni, reindirizzandone 215,3 divise tra spesa sanitaria e fondo emergenza imprese, per far fronte alla crisi causata dalla pandemia. La Regione ha operato nel solco delle nuove opportunit\u00e0 offerte, modificando il POR FESR 14-20, step by step, per dare concretamente risposta ai fabbisogni in evoluzione, con una riprogrammazione che ha indirizzato parte delle risorse in chiave anti crisi.<\/p>\n\n\n\n<p>\u201cLa crisi internazionale generata dalla situazione in Ucraina e quella originata dagli effetti della pandemia globale ci hanno portato a effettuare scelte differenti e a correggere in corsa gli obiettivi che ci siamo dati in fase di programmazione, oltre che a individuare nuovi indirizzi strategici attraverso la definizione del piano regionale 2021-2027\u201d, ha evidenziato in una nota l\u2019Assessore Fasolino in apertura dei lavori. \u201c\u00c8 un momento importante \u2013 ha proseguito l\u2019esponente della Giunta Sarda- occorre lavorare sempre di pi\u00f9 in stretta sinergia e accrescere i momenti di condivisione, come quello della giornata odierna al fine di raccogliere le sollecitazioni e i contributi di tutto il partenariato\u201d. \u201cSono convinto che l'Amministrazione regionale e gli Enti Locali sapranno cogliere appieno le opportunit\u00e0 offerte dalle ingenti risorse comunitarie e statali a disposizione della nostra regione\u201d, ha spiegato l\u2019esponente della Giunta Sarda riferendosi alla nuove opportunit\u00e0 in arrivo, che faciliteranno la capacit\u00e0 di spesa della Regione.<\/p>\n\n\n\n<p>\u201c\u00c8 stato necessario misurarci con una realt\u00e0 nuova e per farlo abbiamo messo in campo competenze e attivato gli strumenti pi\u00f9 utili a fronteggiare l\u2019emergenza. Con il programma regionale 21-27 stiamo invece avviando quel cambiamento necessario per accelerare il processo di modernizzazione della Sardegna\u201d, ha aggiunto il Presidente della Regione Sardegna in occasione della riunione del Comitato di Sorveglianza del Por Fesr 2014-2020 e Programmazione regionale 2021-2027 presieduto dall\u2019Assessore del Bilancio Giuseppe Fasolino che ne ha illustrato gli indirizzi.<\/p>\n\n\n\n<p>La Regione \u00e8 ora pronta per intercettare le leve positive della programmazione 2021-2027 da oltre 1 miliardo di euro, il cui piano \u00e8 stato presentato alla Commissione Europea. Ad aprile la Giunta ha approvato la proposta di Programma Regionale FESR Sardegna 2021-2027 poi trasmessa alla Commissione europea: articolata in 19 obiettivi specifici (collegati alle Priorit\u00e0 individuate e agli obiettivi strategici), ha una dotazione finanziaria complessiva di 1.581 milioni di euro, costituita da una quota di cofinanziamento UE pari al 70% e da una quota di cofinanziamento nazionale, pari al 30% del totale. Il Programma Regionale FESR 21-27 risponde a quattro principali sfide: promuovere la crescita intelligente (340 milioni di euro) e il processo di trasformazione digitale del sistema regionale rilanciando la competitivit\u00e0 del sistema produttivo e creando occupazione di qualit\u00e0 (160 milioni di euro); assicurare la sostenibilit\u00e0 del processo di crescita regionale promuovendo la transizione verde (522 milioni di euro); favorire la \u2018transizione giusta\u2019 (57 milioni di euro per la mobilit\u00e0 urbana sostenibile) e l\u2019inclusione dei gruppi svantaggiati garantendo la parit\u00e0 di accesso ai servizi dell\u2019istruzione, dell\u2019occupazione, del turismo, della cultura e della sanit\u00e0 di qualit\u00e0 e inclusivi (225 milioni di euro); porre le aree urbane come motore del processo di cambiamento verso una societ\u00e0 pi\u00f9 vicina ai cittadini e promuovere l\u2019identit\u00e0 dei territori periferici per valorizzare le potenzialit\u00e0 naturalistiche e turistiche dell\u2019Isola e attivare nuovi processi locali di sviluppo sostenibile (225 milioni di euro). Com<\/p>\n","protected":false},"excerpt":{"rendered":"<p>Cagliari, 11 Magg 2022 \u2013\u00a0Si avvia verso la chiusura la programmazione 2014-2020 del POR FESR Sardegna con cui sono state messe a disposizione risorse per&#8230;<\/p>\n","protected":false},"author":2,"featured_media":221589,"comment_status":"closed","ping_status":"open","sticky":false,"template":"","format":"standard","meta":[],"categories":[49,52],"tags":[],"_links":{"self":[{"href":"https:\/\/www.cronacaonline.it\/index.php\/wp-json\/wp\/v2\/posts\/221588"}],"collection":[{"href":"https:\/\/www.cronacaonline.it\/index.php\/wp-json\/wp\/v2\/posts"}],"about":[{"href":"https:\/\/www.cronacaonline.it\/index.php\/wp-json\/wp\/v2\/types\/post"}],"author":[{"embeddable":true,"href":"https:\/\/www.cronacaonline.it\/index.php\/wp-json\/wp\/v2\/users\/2"}],"replies":[{"embeddable":true,"href":"https:\/\/www.cronacaonline.it\/index.php\/wp-json\/wp\/v2\/comments?post=221588"}],"version-history":[{"count":1,"href":"https:\/\/www.cronacaonline.it\/index.php\/wp-json\/wp\/v2\/posts\/221588\/revisions"}],"predecessor-version":[{"id":221590,"href":"https:\/\/www.cronacaonline.it\/index.php\/wp-json\/wp\/v2\/posts\/221588\/revisions\/221590"}],"wp:featuredmedia":[{"embeddable":true,"href":"https:\/\/www.cronacaonline.it\/index.php\/wp-json\/wp\/v2\/media\/221589"}],"wp:attachment":[{"href":"https:\/\/www.cronacaonline.it\/index.php\/wp-json\/wp\/v2\/media?parent=221588"}],"wp:term":[{"taxonomy":"category","embeddable":true,"href":"https:\/\/www.cronacaonline.it\/index.php\/wp-json\/wp\/v2\/categories?post=221588"},{"taxonomy":"post_tag","embeddable":true,"href":"https:\/\/www.cronacaonline.it\/index.php\/wp-json\/wp\/v2\/tags?post=221588"}],"curies":[{"name":"wp","href":"https:\/\/api.w.org\/{rel}","templated":true}]}}