{"id":221571,"date":"2022-05-11T10:34:40","date_gmt":"2022-05-11T08:34:40","guid":{"rendered":"https:\/\/www.cronacaonline.it\/?p=221571"},"modified":"2022-05-11T10:34:42","modified_gmt":"2022-05-11T08:34:42","slug":"il-sindaco-di-cagliari-paolo-truzzu-saluta-larrivo-dei-neoassunti-del-comune","status":"publish","type":"post","link":"https:\/\/www.cronacaonline.it\/index.php\/2022\/05\/11\/il-sindaco-di-cagliari-paolo-truzzu-saluta-larrivo-dei-neoassunti-del-comune\/","title":{"rendered":"Il sindaco di Cagliari Paolo Truzzu saluta l\u2019arrivo dei neoassunti del Comune."},"content":{"rendered":"\n<p>Cagliari, 11 Magg 2022 - Il sindaco Paolo Truzzu ha dato il benvenuto ai 60 nuovi-dipendenti che vanno a rinforzare l'organico del Comune di Cagliari. E ricordando l'impegno profuso dalla dirigente Luisella Mereu, scomparsa una decina di giorni fa a causa di un male incurabile, ha fatto gli auguri di buon lavoro agli impiegati amministrativi assunti al termine dei concorsi conclusi recentemente.<\/p>\n\n\n\n<p>\u201cVi stavamo aspettando da tempo\u201d, ha esordito il primo cittadino alla cerimonia di ieri a Palazzo Bacaredda riservata ai primi 30 di loro. E questa mattina di mercoled\u00ec 11 maggio 2022 ha ricordato anche ai loro colleghi che \u201cil datore di lavoro dell'Amministrazione comunale sono i cittadini, i professionisti e le imprese, a cui occorre sempre dar conto\u201d, secondo l'esigenza crescente di trasparenza e comunicazione delle scelte e dei risultati raggiunti.<\/p>\n\n\n\n<p>\u201cSe facciamo bene il nostro lavoro risolviamo i problemi di chi sta fuori\u201d, ha spiegato il primo cittadino che, nell''occasione&nbsp;ha rinnovato l'auspicio che \u201ctutti possano ben presto avere un'opportunit\u00e0 di lavoro\u201d e l'appello rivolto in particolare ai giovani di \u201cstudiare, perch\u00e9 nei prossimi cinque anni il 50% della pubblica amministrazione andr\u00e0 in pensione\u201d.<\/p>\n\n\n\n<p>Ai due incontri di benvenuto hanno partecipato anche il Direttore Generale, Giorgio La Spisa e la Dirigente del Servizio del Personale, Francesca Brundu. \u201cLa realt\u00e0 del Comune \u2013 ha commentato il Direttore \u2013 \u00e8 molto particolare perch\u00e9 vi far\u00e0 sviluppare un senso di appartenenza che non si percepisce in altre realt\u00e0\u201d. \u201cSiamo contenti di accogliervi \u2013 ha concluso Francesca Brundu \u2013 perch\u00e9 portate nell'Amministrazione ossigeno e qualit\u00e0\u201d. Com<\/p>\n","protected":false},"excerpt":{"rendered":"<p>Cagliari, 11 Magg 2022 &#8211; Il sindaco Paolo Truzzu ha dato il benvenuto ai 60 nuovi-dipendenti che vanno a rinforzare l&#8217;organico del Comune di Cagliari.&#8230;<\/p>\n","protected":false},"author":2,"featured_media":221572,"comment_status":"closed","ping_status":"open","sticky":false,"template":"","format":"standard","meta":[],"categories":[49,52],"tags":[],"_links":{"self":[{"href":"https:\/\/www.cronacaonline.it\/index.php\/wp-json\/wp\/v2\/posts\/221571"}],"collection":[{"href":"https:\/\/www.cronacaonline.it\/index.php\/wp-json\/wp\/v2\/posts"}],"about":[{"href":"https:\/\/www.cronacaonline.it\/index.php\/wp-json\/wp\/v2\/types\/post"}],"author":[{"embeddable":true,"href":"https:\/\/www.cronacaonline.it\/index.php\/wp-json\/wp\/v2\/users\/2"}],"replies":[{"embeddable":true,"href":"https:\/\/www.cronacaonline.it\/index.php\/wp-json\/wp\/v2\/comments?post=221571"}],"version-history":[{"count":1,"href":"https:\/\/www.cronacaonline.it\/index.php\/wp-json\/wp\/v2\/posts\/221571\/revisions"}],"predecessor-version":[{"id":221573,"href":"https:\/\/www.cronacaonline.it\/index.php\/wp-json\/wp\/v2\/posts\/221571\/revisions\/221573"}],"wp:featuredmedia":[{"embeddable":true,"href":"https:\/\/www.cronacaonline.it\/index.php\/wp-json\/wp\/v2\/media\/221572"}],"wp:attachment":[{"href":"https:\/\/www.cronacaonline.it\/index.php\/wp-json\/wp\/v2\/media?parent=221571"}],"wp:term":[{"taxonomy":"category","embeddable":true,"href":"https:\/\/www.cronacaonline.it\/index.php\/wp-json\/wp\/v2\/categories?post=221571"},{"taxonomy":"post_tag","embeddable":true,"href":"https:\/\/www.cronacaonline.it\/index.php\/wp-json\/wp\/v2\/tags?post=221571"}],"curies":[{"name":"wp","href":"https:\/\/api.w.org\/{rel}","templated":true}]}}