{"id":221523,"date":"2022-05-10T15:08:50","date_gmt":"2022-05-10T13:08:50","guid":{"rendered":"https:\/\/www.cronacaonline.it\/?p=221523"},"modified":"2022-05-10T15:08:52","modified_gmt":"2022-05-10T13:08:52","slug":"consorzio-bonifica-oristano-il-presidente-solinas-stabilizzazione-precari-frutto-di-un-intenso-lavoro-di-sinergia-alessandra-zedda-presente-stamani-a-oristano-per-la-sottoscrizio","status":"publish","type":"post","link":"https:\/\/www.cronacaonline.it\/index.php\/2022\/05\/10\/consorzio-bonifica-oristano-il-presidente-solinas-stabilizzazione-precari-frutto-di-un-intenso-lavoro-di-sinergia-alessandra-zedda-presente-stamani-a-oristano-per-la-sottoscrizio\/","title":{"rendered":"Consorzio bonifica Oristano, il presidente Solinas: \u201cstabilizzazione precari frutto di un intenso lavoro di sinergia\u201d. Alessandra Zedda, presente stamani a Oristano per la sottoscrizione dell\u2019intesa."},"content":{"rendered":"\n<p>Cagliari, 10 Magg 2022 \u2013\u00a0\u201cI lavoratori del Consorzio di bonifica dell\u2019oristanese, e con essi le loro famiglie,\u00a0conquistano finalmente il diritto al lavoro. Si chiude una vertenza difficile, comincia il nuovo corso\u201d.<\/p>\n\n\n\n<p>Lo afferma in una nota il Presidente della Regione Sardegna annunciando la stabilizzazione del personale avventizio (circa 85 persone) del Consorzio di bonifica dell\u2019Oristanese, Cbo, ed evidenziando l\u2019impegno della Regione in favore di tutto il comparto agricolo: \u201cL\u2019agricoltura si trova davanti a un bivio, stretta tra la necessit\u00e0 di modernizzazione e la conservazione delle peculiarit\u00e0 sarde. Per intercettare al meglio le sfide future \u00e8 urgente coniugare innovazione e tradizione con competenze nuove e spirito innovativo. La formazione dei lavoratori del Consorzio di bonifica rientra a pieno titolo tra le azioni volte a migliorare sotto ogni aspetto uno dei comparti pi\u00f9 importanti della nostra economia\u201d.<\/p>\n\n\n\n<p>L\u2019Assessore del Lavoro, Alessandra Zedda, presente stamani a Oristano per la sottoscrizione dell\u2019intesa, ha definito l\u2019accordo sindacale raggiunto in favore dei lavoratori avventizi un \u201cgrande risultato frutto dell\u2019impegno di tutti i soggetti coinvolti, l\u2019Agenzia sarda per le politiche attive del lavoro, Aspal che metter\u00e0 in campo le misure formative per una parte dei lavoratori, il Consorzio di bonifica e i sindacati che hanno supportato l\u2019intero percorso affiancando il personale\u201d. L\u2019Assessore ha ribadito l\u2019importanza della formazione del personale avventizio finalizzata alla stabilizzazione dei lavoratori e all\u2019acquisizione di nuove competenze.&nbsp;\u201cEra una vertenza lunga che fino a oggi non si era risolta e che finalmente si chiude\u201d, ha evidenziato l\u2019esponente della Giunta Solinas nel corso dell\u2019incontro che d\u00e0 appunto avvio al percorso di formazione (politiche attive del lavoro) in favore del personale operaio avventizio, chiamato a frequentare i percorsi formativi della durata di circa 400 ore. Dalla frequenza dei corsi saranno esonerati i lavoratori che entro il 31 dicembre compiranno i 60 anni di et\u00e0 e tutti i lavoratori che saranno stabilizzati sempre entro il 31 dicembre. Al termine dei percorsi formativi sia i lavoratori che otterranno la qualifica sia quelli che non la otterranno saranno stabilizzati.<\/p>\n\n\n\n<p>La stabilizzazione dei lavoratori non andr\u00e0 a gravare sul bilancio del Consorzio (anche in termini economici) che anzi, con l\u2019assunzione e la specializzazione del personale, riuscir\u00e0 ad avere una maggior competitivit\u00e0 in termini produttivi.<\/p>\n","protected":false},"excerpt":{"rendered":"<p>Cagliari, 10 Magg 2022 \u2013\u00a0\u201cI lavoratori del Consorzio di bonifica dell\u2019oristanese, e con essi le loro famiglie,\u00a0conquistano finalmente il diritto al lavoro. Si chiude una&#8230;<\/p>\n","protected":false},"author":2,"featured_media":221520,"comment_status":"closed","ping_status":"open","sticky":false,"template":"","format":"standard","meta":[],"categories":[49,52],"tags":[],"_links":{"self":[{"href":"https:\/\/www.cronacaonline.it\/index.php\/wp-json\/wp\/v2\/posts\/221523"}],"collection":[{"href":"https:\/\/www.cronacaonline.it\/index.php\/wp-json\/wp\/v2\/posts"}],"about":[{"href":"https:\/\/www.cronacaonline.it\/index.php\/wp-json\/wp\/v2\/types\/post"}],"author":[{"embeddable":true,"href":"https:\/\/www.cronacaonline.it\/index.php\/wp-json\/wp\/v2\/users\/2"}],"replies":[{"embeddable":true,"href":"https:\/\/www.cronacaonline.it\/index.php\/wp-json\/wp\/v2\/comments?post=221523"}],"version-history":[{"count":1,"href":"https:\/\/www.cronacaonline.it\/index.php\/wp-json\/wp\/v2\/posts\/221523\/revisions"}],"predecessor-version":[{"id":221524,"href":"https:\/\/www.cronacaonline.it\/index.php\/wp-json\/wp\/v2\/posts\/221523\/revisions\/221524"}],"wp:featuredmedia":[{"embeddable":true,"href":"https:\/\/www.cronacaonline.it\/index.php\/wp-json\/wp\/v2\/media\/221520"}],"wp:attachment":[{"href":"https:\/\/www.cronacaonline.it\/index.php\/wp-json\/wp\/v2\/media?parent=221523"}],"wp:term":[{"taxonomy":"category","embeddable":true,"href":"https:\/\/www.cronacaonline.it\/index.php\/wp-json\/wp\/v2\/categories?post=221523"},{"taxonomy":"post_tag","embeddable":true,"href":"https:\/\/www.cronacaonline.it\/index.php\/wp-json\/wp\/v2\/tags?post=221523"}],"curies":[{"name":"wp","href":"https:\/\/api.w.org\/{rel}","templated":true}]}}