{"id":221473,"date":"2022-05-09T16:13:50","date_gmt":"2022-05-09T14:13:50","guid":{"rendered":"https:\/\/www.cronacaonline.it\/?p=221473"},"modified":"2022-05-09T16:13:52","modified_gmt":"2022-05-09T14:13:52","slug":"ue-mura-pd-dai-giovani-di-allora-e-nato-il-sogno-deuropa-grazie-a-erasmus-giovani-di-oggi-ragionano-in-europeo","status":"publish","type":"post","link":"https:\/\/www.cronacaonline.it\/index.php\/2022\/05\/09\/ue-mura-pd-dai-giovani-di-allora-e-nato-il-sogno-deuropa-grazie-a-erasmus-giovani-di-oggi-ragionano-in-europeo\/","title":{"rendered":"Ue &#8211; Mura (Pd),\u00a0dai giovani di allora \u00e8 nato il sogno d\u2019Europa: \u201cGrazie a Erasmus giovani di oggi ragionano in \u2018europeo\u2019\u201d."},"content":{"rendered":"\n<p>Cagliari, 9 Magg 2022 - \u201cQuesta \u00e8 una giornata incisa nella memoria collettiva.\u00a0E\u2019\u00a0la festa dell\u2019Europa ed \u00e8\u00a0anche la\u00a0giornata dell\u2019uccisione di Aldo Moro e di Peppino Impastato.\u00a0Importante dirlo perch\u00e9 era un giovane giornalista e\u00a0proprio\u00a0in questi giorni tanti giovani giornalisti stanno morendo in luoghi di guerra.\u00a0Ricordiamolo anche perch\u00e9\u00a0in\u00a0molte\u00a0nazioni non c\u2019\u00e8 la libert\u00e0 di stampa, siamo un Paese sconquassato ma possiamo dirci le cose che non vanno: questa \u00e8 l\u2019Italia\u201d.\u00a0Lo ha detto oggi a Carbonia la presidente della commissione Lavoro della Camera Romina Mura (Pd) intervenendo alla tavola rotonda \u201cL\u2019Europa tra Istituzioni e Giovani\u201d, promossa e introdotta dal sindaco Pietro Morittu, cui hanno partecipato fra gli altri il presidente Anci Sardegna Emiliano Deiana e Alberto Zonchello per l\u2019Assessorato regionale alla Pubblica istruzione.<\/p>\n\n\n\n<p>\u201cSono stati&nbsp;i giovani&nbsp;di&nbsp;allora&nbsp;a dare&nbsp;vita al sogno europeo&nbsp;\u2013&nbsp;ha spiegato la parlamentare \u2013&nbsp;Ci sono generazioni che hanno elaborato il sogno europeo, quella&nbsp;Altiero&nbsp;Spinelli ed&nbsp;Ernesto&nbsp;Rossi&nbsp;e&nbsp;anche Emilio Lussu, ci sono le generazioni che hanno lavorato per l\u2019UE&nbsp;costruendo&nbsp;passaggi fondamentali,&nbsp;e oggi i giovani danno per scontato essere europei e vivere&nbsp;in&nbsp;pace\u201d,&nbsp;anche grazie al \u201cprogramma Erasmus,&nbsp;con cui&nbsp;da 35 anni milioni di giovani&nbsp;di oggi&nbsp;si spostano e&nbsp;prendono&nbsp;l\u2019abitudine a ragionare per parametri europei\u201d.<\/p>\n\n\n\n<p>Ricordando&nbsp;l\u2019evento conclusivo della&nbsp;Conferenza sul futuro dell'Europa&nbsp;che si tiene oggi&nbsp;al Parlamento europeo di Strasburgo,&nbsp;Mura ha&nbsp;richiamato&nbsp;\u201cil salario minimo,&nbsp;perch\u00e9&nbsp;la sfida \u00e8 anche creare lavoro di qualit\u00e0,&nbsp;far s\u00ec che&nbsp;i giovani che&nbsp;iniziano a lavorare non&nbsp;siano considerati come risorse umane da sfruttare ma risorse umane su cui investire\u201d. Com<\/p>\n","protected":false},"excerpt":{"rendered":"<p>Cagliari, 9 Magg 2022 &#8211; \u201cQuesta \u00e8 una giornata incisa nella memoria collettiva.\u00a0E\u2019\u00a0la festa dell\u2019Europa ed \u00e8\u00a0anche la\u00a0giornata dell\u2019uccisione di Aldo Moro e di Peppino&#8230;<\/p>\n","protected":false},"author":2,"featured_media":221474,"comment_status":"closed","ping_status":"open","sticky":false,"template":"","format":"standard","meta":[],"categories":[49,52],"tags":[],"_links":{"self":[{"href":"https:\/\/www.cronacaonline.it\/index.php\/wp-json\/wp\/v2\/posts\/221473"}],"collection":[{"href":"https:\/\/www.cronacaonline.it\/index.php\/wp-json\/wp\/v2\/posts"}],"about":[{"href":"https:\/\/www.cronacaonline.it\/index.php\/wp-json\/wp\/v2\/types\/post"}],"author":[{"embeddable":true,"href":"https:\/\/www.cronacaonline.it\/index.php\/wp-json\/wp\/v2\/users\/2"}],"replies":[{"embeddable":true,"href":"https:\/\/www.cronacaonline.it\/index.php\/wp-json\/wp\/v2\/comments?post=221473"}],"version-history":[{"count":1,"href":"https:\/\/www.cronacaonline.it\/index.php\/wp-json\/wp\/v2\/posts\/221473\/revisions"}],"predecessor-version":[{"id":221475,"href":"https:\/\/www.cronacaonline.it\/index.php\/wp-json\/wp\/v2\/posts\/221473\/revisions\/221475"}],"wp:featuredmedia":[{"embeddable":true,"href":"https:\/\/www.cronacaonline.it\/index.php\/wp-json\/wp\/v2\/media\/221474"}],"wp:attachment":[{"href":"https:\/\/www.cronacaonline.it\/index.php\/wp-json\/wp\/v2\/media?parent=221473"}],"wp:term":[{"taxonomy":"category","embeddable":true,"href":"https:\/\/www.cronacaonline.it\/index.php\/wp-json\/wp\/v2\/categories?post=221473"},{"taxonomy":"post_tag","embeddable":true,"href":"https:\/\/www.cronacaonline.it\/index.php\/wp-json\/wp\/v2\/tags?post=221473"}],"curies":[{"name":"wp","href":"https:\/\/api.w.org\/{rel}","templated":true}]}}