{"id":221374,"date":"2022-05-06T19:41:24","date_gmt":"2022-05-06T17:41:24","guid":{"rendered":"https:\/\/www.cronacaonline.it\/?p=221374"},"modified":"2022-05-06T19:41:26","modified_gmt":"2022-05-06T17:41:26","slug":"cagliari-e-costa-crociere-per-la-valorizzazione-del-capoluogo","status":"publish","type":"post","link":"https:\/\/www.cronacaonline.it\/index.php\/2022\/05\/06\/cagliari-e-costa-crociere-per-la-valorizzazione-del-capoluogo\/","title":{"rendered":"Cagliari e Costa Crociere per la valorizzazione del capoluogo."},"content":{"rendered":"\n<p>Cagliari, 6 Magg 2022 - Cagliari potr\u00e0 diventare uno scalo importante per Costa Crociere ma per arrivare a questo traguardo sar\u00e0 necessaria una completa sinergia tra le istituzioni, le attivit\u00e0 produttive e turistiche della citt\u00e0 e la compagnia di navigazione.<br>Di questo e di tanti altri aspetti hanno parlato nella tarda mattina di oggi, venerd\u00ec 6 maggio 2022, il Sindaco di Cagliari, Paolo Truzzu e il Direttore Generale di Costa Crociere, Mario Zanetti.<\/p>\n\n\n\n<p>L'incontro, al quale ha partecipato anche Eric Gerritsen, Direttore per gli Affari Pubblici in Italia della compagnia, si \u00e8 tenuto nell'Ufficio del Sindaco al secondo piano del Palazzo Civico di via Roma.<\/p>\n\n\n\n<p>\u201cSar\u00e0 interessante valutare come poter intensificare la presenza dei turisti a Cagliari in modo da valorizzare sempre di pi\u00f9 la nostra citt\u00e0\u201d ha commentato il primo cittadino del capoluogo sardo che ha messo in evidenza come l'offerta turistica non si limiti agli aspetti legati al mare. \u201cAbbiamo tutta una serie di attrazioni che vanno dai monumenti all'eno-gastronomia, passando per l'artigianata, i musei e in generale tutti i punti culturali, il tutto per far crescere la nostra citt\u00e0 con la collaborazione di tutti gli operatori\u201d.<\/p>\n\n\n\n<p>\u201cCosa possiamo fare insieme?\u201d \u00e8 stata la domanda ricorrente del DG di Costa, che, cos\u00ec come predisposto per altre citt\u00e0, vorrebbe diversificare l'offerta degli ospiti delle navi da crociera. Non solo i siti pi\u00f9 conosciuti ma una visita puntuale di una citt\u00e0 che ha tanto da offrire ai suoi visitatori.<\/p>\n\n\n\n<p>\u201cMi viene in mente \u2013 ha spiegato Mario Zanetti \u2013 la spiaggia del Poetto che potrebbe diventare una destinazione per i croceristi che sbarcano al porto o&nbsp;le escursioni organizzate per le vie della citt\u00e0\u201d.<\/p>\n\n\n\n<p>\u201cSarebbe interessante \u2013 \u00e8 intervenuto il Sindaco Truzzu \u2013 anche puntare sul Parco di Molentargius dove nidificano i fenicotteri\u201d.<\/p>\n\n\n\n<p>Cagliari ha tutte le carte in regola per poter diventare anche un punto di imbarco e sbarco per le crociere tanto che Costa, in previsione di una nuova definizione delle rotte del Mediterraneo per il 2023, potrebbe dare maggiore spazio al capoluogo isolano con l'arrivo in citt\u00e0 delle navi \u201cSmeralda\u201d e \u201cToscana\u201d.<\/p>\n\n\n\n<p>Stimata in circa settanta euro la cifra che ogni crocerista lascia in media nella citt\u00e0 che visita, l'obiettivo \u00e8 quello di far salire questa quota ma soprattutto di puntare su chi, sette persone su dieci secondo le recenti statistiche, decide di tornare nello stesso posto che ha visitato durante la crociera.<br>Tre navi in tre giorni diversi della settimana \u00e8 il prossimo step che la compagnia di navigazione vuole raggiungere e che permetter\u00e0 a Cagliari di valorizzare tutte le sue realt\u00e0. Una serie di vantaggi ricadranno sul territorio e ora, dopo l'avvio dei dialoghi, non resta che intensificare la fase di studio per delineare una idea comune che porti il capoluogo sardo ad essere una delle citt\u00e0 pi\u00f9 importanti del Mediterraneo. Com<\/p>\n","protected":false},"excerpt":{"rendered":"<p>Cagliari, 6 Magg 2022 &#8211; Cagliari potr\u00e0 diventare uno scalo importante per Costa Crociere ma per arrivare a questo traguardo sar\u00e0 necessaria una completa sinergia&#8230;<\/p>\n","protected":false},"author":2,"featured_media":221375,"comment_status":"closed","ping_status":"open","sticky":false,"template":"","format":"standard","meta":[],"categories":[49,52],"tags":[],"_links":{"self":[{"href":"https:\/\/www.cronacaonline.it\/index.php\/wp-json\/wp\/v2\/posts\/221374"}],"collection":[{"href":"https:\/\/www.cronacaonline.it\/index.php\/wp-json\/wp\/v2\/posts"}],"about":[{"href":"https:\/\/www.cronacaonline.it\/index.php\/wp-json\/wp\/v2\/types\/post"}],"author":[{"embeddable":true,"href":"https:\/\/www.cronacaonline.it\/index.php\/wp-json\/wp\/v2\/users\/2"}],"replies":[{"embeddable":true,"href":"https:\/\/www.cronacaonline.it\/index.php\/wp-json\/wp\/v2\/comments?post=221374"}],"version-history":[{"count":1,"href":"https:\/\/www.cronacaonline.it\/index.php\/wp-json\/wp\/v2\/posts\/221374\/revisions"}],"predecessor-version":[{"id":221376,"href":"https:\/\/www.cronacaonline.it\/index.php\/wp-json\/wp\/v2\/posts\/221374\/revisions\/221376"}],"wp:featuredmedia":[{"embeddable":true,"href":"https:\/\/www.cronacaonline.it\/index.php\/wp-json\/wp\/v2\/media\/221375"}],"wp:attachment":[{"href":"https:\/\/www.cronacaonline.it\/index.php\/wp-json\/wp\/v2\/media?parent=221374"}],"wp:term":[{"taxonomy":"category","embeddable":true,"href":"https:\/\/www.cronacaonline.it\/index.php\/wp-json\/wp\/v2\/categories?post=221374"},{"taxonomy":"post_tag","embeddable":true,"href":"https:\/\/www.cronacaonline.it\/index.php\/wp-json\/wp\/v2\/tags?post=221374"}],"curies":[{"name":"wp","href":"https:\/\/api.w.org\/{rel}","templated":true}]}}