{"id":221368,"date":"2022-05-06T17:56:11","date_gmt":"2022-05-06T15:56:11","guid":{"rendered":"https:\/\/www.cronacaonline.it\/?p=221368"},"modified":"2022-05-06T17:56:15","modified_gmt":"2022-05-06T15:56:15","slug":"infermieri-di-famiglia-e-di-comunita-lassessore-nieddu-anche-in-sardegna-la-formazione-specifica-delle-nuove-figure-strategiche-della-sanita-territoriale","status":"publish","type":"post","link":"https:\/\/www.cronacaonline.it\/index.php\/2022\/05\/06\/infermieri-di-famiglia-e-di-comunita-lassessore-nieddu-anche-in-sardegna-la-formazione-specifica-delle-nuove-figure-strategiche-della-sanita-territoriale\/","title":{"rendered":"Infermieri di famiglia e di comunit\u00e0, l\u2019assessore Nieddu: \u201canche in Sardegna la formazione specifica delle nuove figure strategiche della sanit\u00e0 territoriale\u201d."},"content":{"rendered":"\n<p>Cagliari, 6 Magg 2022 \u2013\u00a0\u201cL\u2019infermiere di famiglia e di comunit\u00e0 \u00e8 una figura professionale strategica nel quadro generale della nuova impostazione che ridefinisce l\u2019assetto del nostro sistema sanitario nazionale e regionale. La pandemia ha messo in evidenza la necessit\u00e0 di potenziare il territorio, inteso come primo irrinunciabile baluardo per le cure e l\u2019assistenza dei cittadini\u201d, lo ha dichiarato l\u2019assessore regionale della Sanit\u00e0, Mario Nieddu, intervenuto oggi nel corso di un incontro dal titolo \u2018L\u2019Infermiere di famiglia e di comunit\u00e0: ambiti di intervento e proposte formative\u2019, promosso dalla Facolt\u00e0 di Medicina dell\u2019Universit\u00e0 di Cagliari.<\/p>\n\n\n\n<p>Una figura professionale, quella dell\u2019Infermiere di famiglia, che nasce verso la fine del 2020, in piena emergenza Covid, e che trova i suoi riferimenti nelle linee guida della Conferenza delle Regioni, recepite dalla Giunta Solinas a novembre dello stesso anno. Il documento definisce l\u2019Infermiere di Famiglia come il \u201cprofessionista appositamente formato, che ha un forte orientamento alla gestione proattiva della salute e opera rispondendo ai bisogni di salute della popolazione di uno specifico ambito territoriale e comunitario di riferimento, favorendo l\u2019integrazione sanitaria e sociale dei servizi\u201d.<\/p>\n\n\n\n<p>\u201cIn questo rinnovato contesto in cui si cammina verso il futuro di un nuovo modello dove, in particolare, la gestione della cronicit\u00e0 deve trovare risposte in un monitoraggio costante che parta dalle cure domiciliari, dall\u2019assistenza primaria e dalle strutture del territorio, la formazione specifica e specializzata degli infermieri di famiglia riveste un ruolo fondamentale\u201d, dichiara l\u2019assessore Nieddu.<\/p>\n\n\n\n<p>Una sfida, quella della medicina territoriale, che si giocher\u00e0 anche sulla realizzazione delle strutture intermedie, come le Case della Comunit\u00e0, gli Ospedali di Comunit\u00e0 e le Centrali operative territoriali, per cui la Regione ha approvato una programmazione di investimenti per 271 milioni di euro dalle risorse del Pnrr, a cui abbiamo aggiunto un cofinanziamento regionale per oltre 21,6 milioni di euro.<\/p>\n\n\n\n<p>\u201cIn particolare, in Sardegna saranno cinquanta le Case della Comunit\u00e0 realizzate con l\u2019attuazione del piano del Pnrr. In queste strutture l\u2019assistenza infermieristica avr\u00e0 un ruolo centrale\u201d, ha precisato l\u2019assessore. \u201cMa le strutture \u2013 ha aggiunto \u2013 da sole non bastano. Dobbiamo riempire di contenuti e professionalit\u00e0 adeguate i luoghi di cura, siano essi ospedali o presidi territoriali. Abbiamo ripreso a investire con forza sul nostro sistema sanitario a partire proprio dalla formazione. Occorrono per\u00f2 maggiori garanzie e il DM 71, che definisce il nuovo assetto della medicina territoriale, approvato dal Governo senza l\u2019intesa delle Regioni, lascia ancora molti punti oscuri. Stiamo gettando le basi per il futuro della nostra sanit\u00e0, non possiamo permetterci incertezze\u201d. &nbsp;Com<\/p>\n","protected":false},"excerpt":{"rendered":"<p>Cagliari, 6 Magg 2022 \u2013\u00a0\u201cL\u2019infermiere di famiglia e di comunit\u00e0 \u00e8 una figura professionale strategica nel quadro generale della nuova impostazione che ridefinisce l\u2019assetto del&#8230;<\/p>\n","protected":false},"author":2,"featured_media":218466,"comment_status":"closed","ping_status":"open","sticky":false,"template":"","format":"standard","meta":[],"categories":[49,52],"tags":[],"_links":{"self":[{"href":"https:\/\/www.cronacaonline.it\/index.php\/wp-json\/wp\/v2\/posts\/221368"}],"collection":[{"href":"https:\/\/www.cronacaonline.it\/index.php\/wp-json\/wp\/v2\/posts"}],"about":[{"href":"https:\/\/www.cronacaonline.it\/index.php\/wp-json\/wp\/v2\/types\/post"}],"author":[{"embeddable":true,"href":"https:\/\/www.cronacaonline.it\/index.php\/wp-json\/wp\/v2\/users\/2"}],"replies":[{"embeddable":true,"href":"https:\/\/www.cronacaonline.it\/index.php\/wp-json\/wp\/v2\/comments?post=221368"}],"version-history":[{"count":1,"href":"https:\/\/www.cronacaonline.it\/index.php\/wp-json\/wp\/v2\/posts\/221368\/revisions"}],"predecessor-version":[{"id":221369,"href":"https:\/\/www.cronacaonline.it\/index.php\/wp-json\/wp\/v2\/posts\/221368\/revisions\/221369"}],"wp:featuredmedia":[{"embeddable":true,"href":"https:\/\/www.cronacaonline.it\/index.php\/wp-json\/wp\/v2\/media\/218466"}],"wp:attachment":[{"href":"https:\/\/www.cronacaonline.it\/index.php\/wp-json\/wp\/v2\/media?parent=221368"}],"wp:term":[{"taxonomy":"category","embeddable":true,"href":"https:\/\/www.cronacaonline.it\/index.php\/wp-json\/wp\/v2\/categories?post=221368"},{"taxonomy":"post_tag","embeddable":true,"href":"https:\/\/www.cronacaonline.it\/index.php\/wp-json\/wp\/v2\/tags?post=221368"}],"curies":[{"name":"wp","href":"https:\/\/api.w.org\/{rel}","templated":true}]}}