{"id":221346,"date":"2022-05-06T13:51:49","date_gmt":"2022-05-06T11:51:49","guid":{"rendered":"https:\/\/www.cronacaonline.it\/?p=221346"},"modified":"2022-05-06T13:51:56","modified_gmt":"2022-05-06T11:51:56","slug":"industria-assessore-pili-a-nurachi-e-riolasardo-la-regione-sardegna-sostiene-gli-enti-locali-coi-finanziamenti-per-le-infrastrutture-nelle-aree-pip-e-la-mobilita-sostenibile","status":"publish","type":"post","link":"https:\/\/www.cronacaonline.it\/index.php\/2022\/05\/06\/industria-assessore-pili-a-nurachi-e-riolasardo-la-regione-sardegna-sostiene-gli-enti-locali-coi-finanziamenti-per-le-infrastrutture-nelle-aree-pip-e-la-mobilita-sostenibile\/","title":{"rendered":"Industria, assessore Pili a Nurachi e Riolasardo: \u2018la Regione Sardegna sostiene gli enti locali coi finanziamenti per le infrastrutture nelle aree Pip e la mobilit\u00e0 sostenibile\u2019."},"content":{"rendered":"\n<p>Cagliari, 6 Magg 2022\u00a0\u2013 \u201cAnche coi bandi di finanziamento per l\u2019infrastrutturazione delle aree Pip e per la mobilit\u00e0 sostenibile, la Regione concretizza il suo sostegno alle Amministrazioni locali e l\u2019incontro coi sindaci del Comuni beneficiari diventa un utile momento di confronto per conoscere le loro esigenze e i problemi legati a un periodo socio-economico difficile per tutti, ma soprattutto per gli amministratori dei centri pi\u00f9 piccoli\u201d. Lo ha detto l\u2019assessore regionale dell\u2019industria, Anita Pili, al termine degli incontri coi primi cittadini di Nurachi, Renzo Ponti e di Riola Sardo, Lorenzo Pinna.<\/p>\n\n\n\n<p>\u201cCon l\u2019intera Giunta comunale ho visitato l\u2019area artigianale Pip di Nurachi, che conta oltre trenta attivit\u00e0 produttive, passando dalla lavorazione delle canne alla produzione del pane \u2013 ha sottolineato l\u2019assessore Pili \u2013 La vivacit\u00e0 di quest\u2019area artigianale \u00e8 confermata dalla presenza di imprese che fanno della tradizione e della tipicit\u00e0 sarda il cardine della propria attivit\u00e0. Il finanziamento regionale \u00e8 indirizzato&nbsp;a soddisfare il fabbisogno di infrastrutture necessarie all\u2019insediamento di piccole imprese, ridare competitivit\u00e0 ai sistemi produttivi e rilanciare l\u2019occupazione. Nell\u2019area di Nurachi,&nbsp;finanziata con 340mila euro, sar\u00e0 possibile efficientare l\u2019illuminazione pubblica, migliorando la sicurezza della viabilit\u00e0 stradale e riducendo i costi energetici con un grosso vantaggio per il bilancio comunale\u201d.<br>Il Comune di Riola Sardo, invece, ha recentemente acquistato un\u2019auto elettrica grazie al finanziamento messo a disposizione dall\u2019Assessorato dell\u2019industria: \u201cStiamo&nbsp;rafforzando le iniziative per lo sviluppo della mobilit\u00e0 elettrica regionale, con particolare riguardo alle Amministrazioni locali, che possono rappresentare un modello capace di stimolare le abitudini all'uso dei veicoli elettrici e costituire un esempio nella pianificazione della mobilit\u00e0 sostenibile&nbsp;\u2013 ha detto l\u2019esponente della Giunta Solinas \u2013 Con la Giunta comunale abbiamo affrontato anche il tema del ripristino ambientale delle cave dismesse e le strategie di politica energetica riferite alle rinnovabili, con particolare attenzione all\u2019agrivoltaico\u201d. Com<\/p>\n","protected":false},"excerpt":{"rendered":"<p>Cagliari, 6 Magg 2022\u00a0\u2013 \u201cAnche coi bandi di finanziamento per l\u2019infrastrutturazione delle aree Pip e per la mobilit\u00e0 sostenibile, la Regione concretizza il suo sostegno&#8230;<\/p>\n","protected":false},"author":2,"featured_media":221347,"comment_status":"closed","ping_status":"open","sticky":false,"template":"","format":"standard","meta":[],"categories":[49,52],"tags":[],"_links":{"self":[{"href":"https:\/\/www.cronacaonline.it\/index.php\/wp-json\/wp\/v2\/posts\/221346"}],"collection":[{"href":"https:\/\/www.cronacaonline.it\/index.php\/wp-json\/wp\/v2\/posts"}],"about":[{"href":"https:\/\/www.cronacaonline.it\/index.php\/wp-json\/wp\/v2\/types\/post"}],"author":[{"embeddable":true,"href":"https:\/\/www.cronacaonline.it\/index.php\/wp-json\/wp\/v2\/users\/2"}],"replies":[{"embeddable":true,"href":"https:\/\/www.cronacaonline.it\/index.php\/wp-json\/wp\/v2\/comments?post=221346"}],"version-history":[{"count":1,"href":"https:\/\/www.cronacaonline.it\/index.php\/wp-json\/wp\/v2\/posts\/221346\/revisions"}],"predecessor-version":[{"id":221348,"href":"https:\/\/www.cronacaonline.it\/index.php\/wp-json\/wp\/v2\/posts\/221346\/revisions\/221348"}],"wp:featuredmedia":[{"embeddable":true,"href":"https:\/\/www.cronacaonline.it\/index.php\/wp-json\/wp\/v2\/media\/221347"}],"wp:attachment":[{"href":"https:\/\/www.cronacaonline.it\/index.php\/wp-json\/wp\/v2\/media?parent=221346"}],"wp:term":[{"taxonomy":"category","embeddable":true,"href":"https:\/\/www.cronacaonline.it\/index.php\/wp-json\/wp\/v2\/categories?post=221346"},{"taxonomy":"post_tag","embeddable":true,"href":"https:\/\/www.cronacaonline.it\/index.php\/wp-json\/wp\/v2\/tags?post=221346"}],"curies":[{"name":"wp","href":"https:\/\/api.w.org\/{rel}","templated":true}]}}