{"id":221189,"date":"2022-05-03T18:19:26","date_gmt":"2022-05-03T16:19:26","guid":{"rendered":"https:\/\/www.cronacaonline.it\/?p=221189"},"modified":"2022-05-03T18:19:32","modified_gmt":"2022-05-03T16:19:32","slug":"agroalimentare-sardegna-in-vetrina-al-cibus-di-parma-lassessore-murgia-occasione-importante-per-presentare-al-mondo-le-nostre-eccellenze","status":"publish","type":"post","link":"https:\/\/www.cronacaonline.it\/index.php\/2022\/05\/03\/agroalimentare-sardegna-in-vetrina-al-cibus-di-parma-lassessore-murgia-occasione-importante-per-presentare-al-mondo-le-nostre-eccellenze\/","title":{"rendered":"Agroalimentare, Sardegna in vetrina al Cibus di Parma. L\u2019assessore Murgia: occasione importante per presentare al mondo le nostre eccellenze."},"content":{"rendered":"\n<p>Cagliari, 3 Magg 2022 \u2013\u00a0\u201cIl comparto agroalimentare sardo ha raggiunto alti livelli di qualit\u00e0 e manifestazioni come il Cibus, evento con il meglio del food made in Italy, sono occasioni importanti per mettere in vetrina e presentare ai buyer di tutto il mondo le nostre eccellenze\u201d. Lo afferma l\u2019assessore regionale dell\u2019Agricoltura, Gabriella Murgia, nel giorno dell\u2019inaugurazione di Cibus 2022, il Salone internazionale dell\u2019alimentazione, in svolgimento a Parma fino al 6 maggio, dove sono attesi pi\u00f9 di 60mila visitatori, con oltre 3.000 aziende espositrici.<\/p>\n\n\n\n<p>\u201cLa Regione \u2013 dice l\u2019esponente della Giunta della Sardegna \u2013 sostiene con convinzione le aziende del settore presenti a questo genere di eventi garantendo il rimborso dei costi effettivi sostenuti per la partecipazione a manifestazioni che rappresentano una solida opportunit\u00e0 per sviluppare nuove relazioni commerciali e trovare nuovi sbocchi nei mercati, italiani e internazionali, guardando al futuro e puntando all\u2019innovazione\u201d. I temi di questa edizione del Cibus toccheranno infatti anche i rapporti tra industria e distribuzione, il ruolo della filiera agricola per la redditivit\u00e0 delle imprese, la ristorazione del futuro e il ruolo dei prodotti Dop e Igp negli assortimenti.<\/p>\n\n\n\n<p>\u201cC\u2019\u00e8 poi da considerare un aspetto non certo secondario: le fiere e le esposizioni dei prodotti agroalimentari riscuotono un grande interesse non solo sugli addetti del settore ma anche sui consumatori, e pertanto offrono grandi opportunit\u00e0 ai produttori del comparto del \u2018food and beverage\u2019. Oggi che stiamo tornando alla normalit\u00e0 dopo due anni di pandemia e stiamo assistendo a una piena ripresa di queste attivit\u00e0, \u00e8 importante continuare a sostenere la ripresa programmando azioni di sostegno diretto alle imprese che intendono partecipare autonomamente alle manifestazioni maggiormente rappresentative e strategiche per la promozione dei prodotti agroalimentari regionali\u201d, conclude l\u2019assessore Murgia.&nbsp;Com<\/p>\n","protected":false},"excerpt":{"rendered":"<p>Cagliari, 3 Magg 2022 \u2013\u00a0\u201cIl comparto agroalimentare sardo ha raggiunto alti livelli di qualit\u00e0 e manifestazioni come il Cibus, evento con il meglio del food&#8230;<\/p>\n","protected":false},"author":2,"featured_media":217016,"comment_status":"closed","ping_status":"open","sticky":false,"template":"","format":"standard","meta":[],"categories":[49,52],"tags":[],"_links":{"self":[{"href":"https:\/\/www.cronacaonline.it\/index.php\/wp-json\/wp\/v2\/posts\/221189"}],"collection":[{"href":"https:\/\/www.cronacaonline.it\/index.php\/wp-json\/wp\/v2\/posts"}],"about":[{"href":"https:\/\/www.cronacaonline.it\/index.php\/wp-json\/wp\/v2\/types\/post"}],"author":[{"embeddable":true,"href":"https:\/\/www.cronacaonline.it\/index.php\/wp-json\/wp\/v2\/users\/2"}],"replies":[{"embeddable":true,"href":"https:\/\/www.cronacaonline.it\/index.php\/wp-json\/wp\/v2\/comments?post=221189"}],"version-history":[{"count":1,"href":"https:\/\/www.cronacaonline.it\/index.php\/wp-json\/wp\/v2\/posts\/221189\/revisions"}],"predecessor-version":[{"id":221190,"href":"https:\/\/www.cronacaonline.it\/index.php\/wp-json\/wp\/v2\/posts\/221189\/revisions\/221190"}],"wp:featuredmedia":[{"embeddable":true,"href":"https:\/\/www.cronacaonline.it\/index.php\/wp-json\/wp\/v2\/media\/217016"}],"wp:attachment":[{"href":"https:\/\/www.cronacaonline.it\/index.php\/wp-json\/wp\/v2\/media?parent=221189"}],"wp:term":[{"taxonomy":"category","embeddable":true,"href":"https:\/\/www.cronacaonline.it\/index.php\/wp-json\/wp\/v2\/categories?post=221189"},{"taxonomy":"post_tag","embeddable":true,"href":"https:\/\/www.cronacaonline.it\/index.php\/wp-json\/wp\/v2\/tags?post=221189"}],"curies":[{"name":"wp","href":"https:\/\/api.w.org\/{rel}","templated":true}]}}