{"id":221187,"date":"2022-05-03T18:01:54","date_gmt":"2022-05-03T16:01:54","guid":{"rendered":"https:\/\/www.cronacaonline.it\/?p=221187"},"modified":"2022-05-03T18:01:57","modified_gmt":"2022-05-03T16:01:57","slug":"ambiente-progetti-med-star-e-intermed-assessore-lampis-i-progetti-europei-rappresentano-opportunita-di-confronto-e-sviluppo-di-nuove-strategie-nella-lotta-agli-incendi","status":"publish","type":"post","link":"https:\/\/www.cronacaonline.it\/index.php\/2022\/05\/03\/ambiente-progetti-med-star-e-intermed-assessore-lampis-i-progetti-europei-rappresentano-opportunita-di-confronto-e-sviluppo-di-nuove-strategie-nella-lotta-agli-incendi\/","title":{"rendered":"Ambiente, progetti Med Star E Intermed. Assessore Lampis: \u2018i progetti europei rappresentano opportunit\u00e0 di confronto e sviluppo di nuove strategie nella lotta agli incend\u00ec."},"content":{"rendered":"\n<p>Cagliari, 3 Magg 2022\u00a0\u2013\u00a0\u201cPer la Sardegna, i progetti europei rappresentano importanti opportunit\u00e0 di confronto e sviluppo di nuove strategie, con l\u2019obiettivo di potenziare le nostre capacit\u00e0 di previsione, prevenzione e soppressione degli incendi, oltre che una decisiva comparazione sulle tecniche di lotta agli incendi praticate dai partner.\u00a0La macchina antincendio regionale si distingue per le capacit\u00e0 organizzative e le professionalit\u00e0 che mette in campo da anni, ma \u00e8 necessario sapersi adeguare ad eventuali modifiche della strategia. La Giunta regionale ha appena approvato le nuove prescrizioni\u00a0per la stagione 2022, secondo il 'Piano regionale di previsione, prevenzione e lotta attiva contro gli incendi boschivi', con alcune novit\u00e0 per garantire la sicurezza dei sardi e del territorio\u201d.\u00a0Lo ha detto l\u2019assessore regionale della Difesa dell\u2019ambiente, Gianni Lampis, durante il suo intervento alla terza edizione dell\u2019International conference on fire behaviour and risk, in corso ad Alghero da oggi fino al 6 maggio, evento di maggior rilievo dei progetti Interreg Italia-Francia Marittimo (2014-2020) Med-Star, coordinato dalla direzione generale della Protezione civile regionale, e Intermed, coordinato dalla Corsica.<\/p>\n\n\n\n<p>L\u2019evento rappresenta un importante momento d\u2019incontro per ricercatori, studenti, esperti del contrasto agli incendi boschivi e rurali&nbsp;sui molteplici aspetti legati a prevenzione, previsione, comportamento e gestione degli incendi e dei loro impatti. Vi parteciperanno, in presenza o in collegamento, oltre 300 tra ricercatori ed esperti del settore, provenienti da sedici Paesi europei, oltre che dall\u2019Italia, Francia, Grecia, Portogallo, Spagna e nove paesi extra-europei (Nord-Africa, Usa, Canada, Brasile, Australia, Russia e Medio Oriente), tutti accomunati dal fenomeno degli incendi boschivi e dalla lotta ai rischi del cambiamento climatico.<\/p>\n\n\n\n<p>Il direttore generale della Protezione civile regionale, Antonio Pasquale Belloi, ha illustrato i contenuti, gli obiettivi e i risultati del progetto Med-Star. Inoltre, nei tre giorni della conferenza&nbsp;sar\u00e0 fatto il punto sullo sviluppo di strumenti di analisi e modellistici per la valutazione del comportamento del fuoco, saranno discussi e proposti approcci e opzioni per la gestione forestale sostenibile, in relazione alla prevenzione degli incendi, e si parler\u00e0 della problematica degli incendi nell\u2019interfaccia urbano-rurale.&nbsp;Le Regioni coinvolte, oltre la Sardegna, sono Toscana, Liguria, Corsica, e Provenza-Alpi-Costa Azzurra.&nbsp;Com<\/p>\n","protected":false},"excerpt":{"rendered":"<p>Cagliari, 3 Magg 2022\u00a0\u2013\u00a0\u201cPer la Sardegna, i progetti europei rappresentano importanti opportunit\u00e0 di confronto e sviluppo di nuove strategie, con l\u2019obiettivo di potenziare le nostre&#8230;<\/p>\n","protected":false},"author":2,"featured_media":218421,"comment_status":"closed","ping_status":"open","sticky":false,"template":"","format":"standard","meta":[],"categories":[49,52],"tags":[],"_links":{"self":[{"href":"https:\/\/www.cronacaonline.it\/index.php\/wp-json\/wp\/v2\/posts\/221187"}],"collection":[{"href":"https:\/\/www.cronacaonline.it\/index.php\/wp-json\/wp\/v2\/posts"}],"about":[{"href":"https:\/\/www.cronacaonline.it\/index.php\/wp-json\/wp\/v2\/types\/post"}],"author":[{"embeddable":true,"href":"https:\/\/www.cronacaonline.it\/index.php\/wp-json\/wp\/v2\/users\/2"}],"replies":[{"embeddable":true,"href":"https:\/\/www.cronacaonline.it\/index.php\/wp-json\/wp\/v2\/comments?post=221187"}],"version-history":[{"count":1,"href":"https:\/\/www.cronacaonline.it\/index.php\/wp-json\/wp\/v2\/posts\/221187\/revisions"}],"predecessor-version":[{"id":221188,"href":"https:\/\/www.cronacaonline.it\/index.php\/wp-json\/wp\/v2\/posts\/221187\/revisions\/221188"}],"wp:featuredmedia":[{"embeddable":true,"href":"https:\/\/www.cronacaonline.it\/index.php\/wp-json\/wp\/v2\/media\/218421"}],"wp:attachment":[{"href":"https:\/\/www.cronacaonline.it\/index.php\/wp-json\/wp\/v2\/media?parent=221187"}],"wp:term":[{"taxonomy":"category","embeddable":true,"href":"https:\/\/www.cronacaonline.it\/index.php\/wp-json\/wp\/v2\/categories?post=221187"},{"taxonomy":"post_tag","embeddable":true,"href":"https:\/\/www.cronacaonline.it\/index.php\/wp-json\/wp\/v2\/tags?post=221187"}],"curies":[{"name":"wp","href":"https:\/\/api.w.org\/{rel}","templated":true}]}}