{"id":221173,"date":"2022-05-03T15:50:33","date_gmt":"2022-05-03T13:50:33","guid":{"rendered":"https:\/\/www.cronacaonline.it\/?p=221173"},"modified":"2022-05-03T15:50:36","modified_gmt":"2022-05-03T13:50:36","slug":"consiglio-sardegna-commissione-attivita-produttive-audizioni-sui-ritardi-nelle-procedure-e-nei-pagamenti-destinati-allagricoltura","status":"publish","type":"post","link":"https:\/\/www.cronacaonline.it\/index.php\/2022\/05\/03\/consiglio-sardegna-commissione-attivita-produttive-audizioni-sui-ritardi-nelle-procedure-e-nei-pagamenti-destinati-allagricoltura\/","title":{"rendered":"Consiglio Sardegna &#8211; Commissione Attivit\u00e0 produttive: audizioni sui ritardi nelle procedure e nei pagamenti destinati all\u2019agricoltura."},"content":{"rendered":"\n<p>Cagliari, 3 Magg 2022 \u2013 La commissione Attivit\u00e0 produttive, presieduta da Piero Maieli (Psd\u2019Az) \u00e8 stata impegnata in un ciclo di audizioni sui ritardi nelle procedure e nei pagamenti destinati all\u2019agricoltura, in una riunione alla quale hanno partecipato i responsabili dell\u2019assessorato dell\u2019Agricoltura e delle Agenzie Argea e Laore ed i rappresentanti della categoria: Coldiretti, Confagricoltura, Copagri e Cia.<\/p>\n\n\n\n<p>I problemi pi\u00f9 complessi della struttura tecnica regionale, hanno sottolineato i responsabili dell\u2019Assessorato e delle Agenzie, sono quelli della carenza di personale (che non pu\u00f2 essere risolta senza la modifica della c.d. \u201ccapacit\u00e0 assunzionale\u201d) e di figure specialistiche, dei sistemi informativi, e delle nuove funzioni assegnate alla Regione dopo l\u2019attribuzione ad Argea della qualifica di \u201corganismo pagatore\u201d.<\/p>\n\n\n\n<p>Argea in particolare, ha assunto una sua specificit\u00e0 perch\u00e9 \u00e8 sottoposta anche al rispetto della normativa comunitaria che, proprio nelle quantit\u00e0 e nella qualit\u00e0 delle risorse umane individua uno dei requisiti necessari per il riconoscimento del suo ruolo. Attualmente, infatti, l\u2019Agenzia \u00e8 sottoposta ad una verifica interna della commissione europea che, fra l\u2019altro, sollecita alla Regione la copertura totale dei posti vacanti entro il 2024 (su una pianta organica di 580 unit\u00e0 ne mancano circa 200).<\/p>\n\n\n\n<p>I vuoti di organico che nel tempo si sono accumulati all\u2019interno della \u201cmacchina\u201d amministrativa regionale che opera in agricoltura hanno provocato conseguenze negative sull\u2019efficienza della struttura e soprattutto sulla capacit\u00e0 di spesa delle risorse disponibili, come \u00e8 emerso dagli interventi degli esponenti delle associazioni di categoria. La prima priorit\u00e0, \u00e8 stato detto, \u00e8 quella di recuperare i ritardi (citati, fra gli altri, gli esempi del settore bovino, dei ristori dell\u2019ortofrutta e degli aiuti contro la siccit\u00e0) con un piano di assunzioni, il ricorso ad apporti esterni, il potenziamento dei servizi tecnologici ed informativi, l\u2019introduzione di un \u201cpacchetto\u201d di misure di semplificazione.<\/p>\n\n\n\n<p>Forti preoccupazioni sono emerse anche dagli interventi dei componenti della commissione. Gian Franco Satta, dei Progressisti, ha parlato di \u201cperformance\u201d peggiorata su tutti i bandi, Dario Giagoni della Lega ha lamentato la manca di un \u201creport\u201d, pi\u00f9 volte richiesto, sulle pratiche ricevute, pagate e respinte, Salvatore Corrias del Pd ha denunciato la grave situazione complessiva di \u201cstallo\u201d sollecitando un intervento della Giunta, Emanuele Cera ha individuato il vero problema nella mancanza di una \u201cregia politica\u201d invitando la commissione a \u201cdare un segnale\u201d, Elena Fancello (Psd\u2019Az) ha suggerito i accogliere i tanti spunti provenienti del mondo associativo a cominciare dalle esternalizzazioni, e Pierluigi Saiu (Lega) ha proposto una azione a tutto campo preceduta da una ricognizione dei punti di debolezza del sistema e delle priorit\u00e0.<\/p>\n\n\n\n<p>Nelle conclusioni il presidente Maieli ha ipotizzato una risoluzione della commissione a scadenza ravvicinata dopo una verifica congiunta con la commissione Lavoro sulla possibilit\u00e0 di incrementare la capacit\u00e0 di assunzione mentre, nello stesso tempo, dovranno essere definite azioni di semplificazione e snellimento burocratico delle procedure.Com<\/p>\n","protected":false},"excerpt":{"rendered":"<p>Cagliari, 3 Magg 2022 \u2013 La commissione Attivit\u00e0 produttive, presieduta da Piero Maieli (Psd\u2019Az) \u00e8 stata impegnata in un ciclo di audizioni sui ritardi nelle&#8230;<\/p>\n","protected":false},"author":2,"featured_media":192512,"comment_status":"closed","ping_status":"open","sticky":false,"template":"","format":"standard","meta":[],"categories":[49,52],"tags":[],"_links":{"self":[{"href":"https:\/\/www.cronacaonline.it\/index.php\/wp-json\/wp\/v2\/posts\/221173"}],"collection":[{"href":"https:\/\/www.cronacaonline.it\/index.php\/wp-json\/wp\/v2\/posts"}],"about":[{"href":"https:\/\/www.cronacaonline.it\/index.php\/wp-json\/wp\/v2\/types\/post"}],"author":[{"embeddable":true,"href":"https:\/\/www.cronacaonline.it\/index.php\/wp-json\/wp\/v2\/users\/2"}],"replies":[{"embeddable":true,"href":"https:\/\/www.cronacaonline.it\/index.php\/wp-json\/wp\/v2\/comments?post=221173"}],"version-history":[{"count":1,"href":"https:\/\/www.cronacaonline.it\/index.php\/wp-json\/wp\/v2\/posts\/221173\/revisions"}],"predecessor-version":[{"id":221174,"href":"https:\/\/www.cronacaonline.it\/index.php\/wp-json\/wp\/v2\/posts\/221173\/revisions\/221174"}],"wp:featuredmedia":[{"embeddable":true,"href":"https:\/\/www.cronacaonline.it\/index.php\/wp-json\/wp\/v2\/media\/192512"}],"wp:attachment":[{"href":"https:\/\/www.cronacaonline.it\/index.php\/wp-json\/wp\/v2\/media?parent=221173"}],"wp:term":[{"taxonomy":"category","embeddable":true,"href":"https:\/\/www.cronacaonline.it\/index.php\/wp-json\/wp\/v2\/categories?post=221173"},{"taxonomy":"post_tag","embeddable":true,"href":"https:\/\/www.cronacaonline.it\/index.php\/wp-json\/wp\/v2\/tags?post=221173"}],"curies":[{"name":"wp","href":"https:\/\/api.w.org\/{rel}","templated":true}]}}