{"id":221169,"date":"2022-05-03T14:38:47","date_gmt":"2022-05-03T12:38:47","guid":{"rendered":"https:\/\/www.cronacaonline.it\/?p=221169"},"modified":"2022-05-03T14:38:50","modified_gmt":"2022-05-03T12:38:50","slug":"antincendio-il-presidente-solinas-la-regione-in-difesa-del-patrimonio-boschivo-bene-insostituibile-dellisola-una-macchina-regionale-collaudata-competente-e-professionale-per-aff","status":"publish","type":"post","link":"https:\/\/www.cronacaonline.it\/index.php\/2022\/05\/03\/antincendio-il-presidente-solinas-la-regione-in-difesa-del-patrimonio-boschivo-bene-insostituibile-dellisola-una-macchina-regionale-collaudata-competente-e-professionale-per-aff\/","title":{"rendered":"Antincendio, il presidente Solinas: \u2018la regione in difesa del patrimonio boschivo, bene insostituibile dell\u2019isola. Una macchina regionale collaudata, competente e professionale per affrontare la terribile piaga&#8217;"},"content":{"rendered":"\n<p>Cagliari, 3 Magg 2022\u00a0\u2013 \u201cSono ancora impresse nella mente dei sardi le dolorose immagini dei roghi che hanno funestato la Sardegna durante la scorsa estate. Perci\u00f2, oltre alle doverose prescrizioni per la Campagna Antincendio 2022, \u00e8 anche necessario invitare ad un maggior senso di responsabilit\u00e0 e di rispetto nei confronti dell\u2019ambiente, confidando nell\u2019amore per l'Isola, vissuto intensamente non solo dai sardi ma anche dai tanti turisti che ogni anno la percorrono. Le regole che ogni anno vengono stabilite confermano l\u2019elevata l\u2019attenzione della Regione, che ha l\u2019obiettivo della conservazione e della difesa del patrimonio boschivo, bene insostituibile dell\u2019Isola. La macchina regionale antincendio, ormai collaudata, \u00e8 realizzata grazie alla professionalit\u00e0, alla competenza e all\u2019impegno delle persone coinvolte. La Sardegna \u00e8 in grado di conseguire sempre migliori risultati nella lotta contro questa terribile piaga\u201d. Lo ha detto il presidente della Giunta regionale, Christian Solinas, dopo l\u2019approvazione, da parte della Giunta, dell\u2019aggiornamento 2022 delle Prescrizioni regionali antincendio.<br>\u201cLe prescrizioni per contrastare le azioni che possono determinare l\u2019innesco di incendi e per disciplinare l\u2019uso del fuoco sono inserite nel 'Piano regionale di previsione, prevenzione e lotta attiva contro gli incendi boschivi'\u00a0\u2013 ha aggiunto l\u2019assessore regionale della Difesa dell\u2019ambiente, Gianni Lampis, con delega alla protezione civile \u2013 Una loro tempestiva approvazione consente un\u2019immediata applicazione e l'avvio di una capillare campagna di informazione, di sensibilizzazione e di educazione rivolta alla popolazione per favorire le attivit\u00e0 di prevenzione degli incendi e lo sviluppo di una coscienza ambientale, anche attraverso la divulgazione delle prescrizioni ad enti locali, scuole, associazioni di categoria, strutture turistico-ricettive, porti, aeroporti. Inoltre, a breve, la Protezione civile regionale organizzer\u00e0 almeno quattro incontri territoriali, aperti ai sindaci e ai tecnici comunali, per illustrarle\u201d.<br>\u201cTra le novit\u00e0 \u2013 ha sottolineato l\u2019Assessore dell\u2019Ambiente \u2013 alcune modifiche relative alle prescrizioni dettate dai Vigili del fuoco per gli insediamenti turistico-ricettivi, le disposizioni su impianti idrici, attrezzature e automezzi antincendi, l\u2019aggiornamento delle zone di previsione di pericolo di incendi e delle sanzioni amministrative, con un inasprimento del regime sanzionatorio e un\u2019unica severa sanzione da 5.000 a 50.000 euro per le trasgressioni ai divieti. E\u2019 stata anticipata dal 1 giugno\u00a0al 15 maggio\u00a0l'emissione del Bollettino di previsione di pericolo, che garantisce quotidianamente la definizione in maniera univoca del livello di allerta nell'ambito delle 25 zone in cui \u00e8 stato suddiviso il territorio\u201d.<br>L\u2019assessore Lampis ha ricordato che \u201cil controllo delle misure preventive, dei divieti e delle attivit\u00e0 da autorizzare \u00e8 demandato sempre al Corpo forestale, mentre per Forestas, fatta salva la prioritaria attivit\u00e0 di prevenzione nei perimetri amministrati, \u00e8 stato deciso che contribuisca alle attivit\u00e0 di prevenzione nel territorio demaniale regionale e dei Comuni, secondo un progetto finalizzato alla riduzione del rischio incendi. Ai Comuni, provvisti del \u2018Piano comunale di protezione civile per il rischio incendi di interfaccia\u2019 e nei quali abbia sede un'organizzazione di volontariato regolarmente iscritta all'elenco regionale, \u00e8 garantita la possibilit\u00e0 di utilizzare uomini e mezzi dell'organizzazione per le attivit\u00e0 di prevenzione. Analogo discorso per l\u2019utilizzo delle Compagnie barracellari. Anche per il 2022 \u00e8 prevista la stipula della convenzione coi Vigili del fuoco che definisce le procedure operative interforze, il coordinamento nelle attivit\u00e0 di spegnimento degli incendi boschivi e rurali e il potenziamento delle sedi istituzionali del Corpo\u201d.<br>\u201cLa macchina organizzativa regionale, con la partecipazione di donne e uomini della Protezione civile, del Corpo forestale, dell\u2019agenzia Forestas, dei Vigili del fuoco, delle Compagnie barracellari e del mondo del volontariato, ha l\u2019importante obiettivo della conservazione dell\u2019ambiente e della difesa dagli incendi, garantendo la sicurezza dei sardi e del territorio\u201d, ha concluso l\u2019esponente della Giunta Sarda. Com<\/p>\n","protected":false},"excerpt":{"rendered":"<p>Cagliari, 3 Magg 2022\u00a0\u2013 \u201cSono ancora impresse nella mente dei sardi le dolorose immagini dei roghi che hanno funestato la Sardegna durante la scorsa estate.&#8230;<\/p>\n","protected":false},"author":2,"featured_media":193227,"comment_status":"closed","ping_status":"open","sticky":false,"template":"","format":"standard","meta":[],"categories":[49,52],"tags":[],"_links":{"self":[{"href":"https:\/\/www.cronacaonline.it\/index.php\/wp-json\/wp\/v2\/posts\/221169"}],"collection":[{"href":"https:\/\/www.cronacaonline.it\/index.php\/wp-json\/wp\/v2\/posts"}],"about":[{"href":"https:\/\/www.cronacaonline.it\/index.php\/wp-json\/wp\/v2\/types\/post"}],"author":[{"embeddable":true,"href":"https:\/\/www.cronacaonline.it\/index.php\/wp-json\/wp\/v2\/users\/2"}],"replies":[{"embeddable":true,"href":"https:\/\/www.cronacaonline.it\/index.php\/wp-json\/wp\/v2\/comments?post=221169"}],"version-history":[{"count":1,"href":"https:\/\/www.cronacaonline.it\/index.php\/wp-json\/wp\/v2\/posts\/221169\/revisions"}],"predecessor-version":[{"id":221170,"href":"https:\/\/www.cronacaonline.it\/index.php\/wp-json\/wp\/v2\/posts\/221169\/revisions\/221170"}],"wp:featuredmedia":[{"embeddable":true,"href":"https:\/\/www.cronacaonline.it\/index.php\/wp-json\/wp\/v2\/media\/193227"}],"wp:attachment":[{"href":"https:\/\/www.cronacaonline.it\/index.php\/wp-json\/wp\/v2\/media?parent=221169"}],"wp:term":[{"taxonomy":"category","embeddable":true,"href":"https:\/\/www.cronacaonline.it\/index.php\/wp-json\/wp\/v2\/categories?post=221169"},{"taxonomy":"post_tag","embeddable":true,"href":"https:\/\/www.cronacaonline.it\/index.php\/wp-json\/wp\/v2\/tags?post=221169"}],"curies":[{"name":"wp","href":"https:\/\/api.w.org\/{rel}","templated":true}]}}