{"id":221118,"date":"2022-05-02T17:39:22","date_gmt":"2022-05-02T15:39:22","guid":{"rendered":"https:\/\/www.cronacaonline.it\/?p=221118"},"modified":"2022-05-02T17:39:25","modified_gmt":"2022-05-02T15:39:25","slug":"ospedale-san-francesco-di-nuoro-grave-carenza-di-personale-procedure-di-reclutamento-dedicate-per-affrontare-lemergenza","status":"publish","type":"post","link":"https:\/\/www.cronacaonline.it\/index.php\/2022\/05\/02\/ospedale-san-francesco-di-nuoro-grave-carenza-di-personale-procedure-di-reclutamento-dedicate-per-affrontare-lemergenza\/","title":{"rendered":"Ospedale San Francesco di Nuoro: grave carenza di personale, procedure di reclutamento dedicate per affrontare l\u2019emergenza."},"content":{"rendered":"\n<p>Cagliari, 2 Magg 2022 \u2013 Concorsi, selezioni e procedure di mobilit\u00e0 dedicate per reclutare il personale medico sanitario da destinare al San Francesco di Nuoro e al San Camillo di Sorgono. Se ne \u00e8 parlato nell\u2019incontro operativo che si \u00e8 tenuto, questa mattina, negli uffici dell\u2019assessorato alla sanit\u00e0, alla presenza dell\u2019assessore Nieddu e del DG Francesca Piras insieme al DG di Ares Annamaria Tommasella e al DG della Asl 3 Paolo Cannas per discutere delle misure da mettere in campo per superare le difficolt\u00e0 nel reclutamento del personale per gli ospedali del Nuorese. All\u2019incontro, convocato su iniziativa del capogruppo della Lega in Consiglio regionale Pierluigi Saiu, hanno partecipato Elena Fancello, consigliera del PSd\u2019Az, e Daniele Cocco, vicepresidente della Commissione sanit\u00e0.<\/p>\n\n\n\n<p>\u00abAbbiamo chiesto che vengano attivate modalit\u00e0 di reclutamento dedicate - ha spiegato Saiu - perch\u00e9 con le procedure unificate i medici continuano a scegliere Cagliari e Sassari. Occorre partire dalla considerazione che se \u00e8 vero che ci sono problemi e carenze dappertutto, \u00e8 altrettanto vero che ci sono situazioni maggiormente in sofferenza, come il San Francesco. Dopo aver constatato quindi la difficolt\u00e0 di reclutare il personale con i concorsi unificati, - ha continuato il capogruppo della Lega - alla luce anche della nuova delibera approvata dalla Giunta, abbiamo chiesto anche l\u2019attivazione di procedure dedicate a Nuoro. All\u2019ultimo concorso per medici di Pronto Soccorso, dei diciannove idonei nemmeno uno ha scelto il San Francesco. \u00c8 evidente che bisogna valutare altre misure\u201d. Saiu ha poi proseguito: \u201cAbbiamo trovato la disponibilit\u00e0 dell\u2019assessorato e di Ares ad avviare procedure concorsuali, selettive e di mobilit\u00e0 dedicate. Ovviamente servir\u00e0 tempo e bisogna tenere comunque conto della carenza strutturale di medici a ogni livello. \u00c8 un passo avanti importante \u2013 ha continuato - perch\u00e9 consegna uno strumento in pi\u00f9 che prima non avevamo. Oltre a questo, abbiamo poi chiesto che si accelerino le procedure per lo scorrimento delle graduatorie per infermieri, tecnici di radiologia e la mobilit\u00e0 per gli OSS. Le professioni sanitarie sono fondamentali e bisogna rafforzare anche quegli organici\u201d. Saiu ha poi concluso: \u201cL\u2019incontro \u00e8 stato positivo: abbiamo trovato la condivisione sulle proposte operative avanzate e adesso ci aspettiamo che si proceda in questa direzione\u00bb.<\/p>\n\n\n\n<p>\u00ab\u00c8 necessario intervenire perch\u00e9 la situazione \u00e8 davvero difficile - ha commentato Elena Fancello, consigliera Regionale del Partito Sardo d\u2019Azione - abbiamo chiesto non solo l\u2019attivazione di procedure selettive dedicate ma anche che vengano scorse le graduatorie ferme o che procedono lentamente ma, soprattutto, abbiamo chiesto che si bandiscano i concorsi per i primari. Quello \u00e8 un altro aspetto fondamentale che pu\u00f2 contribuire in maniera decisiva al reclutamento del personale medico. \u00c8 poi indispensabile rafforzare la dotazione del personale amministrativo perch\u00e9 adesso le aziende sono autonome e devono essere in grado di svolgere le proprie attivit\u00e0 anche sul piano amministrativo\u00bb.<\/p>\n\n\n\n<p>Il vicepresidente della Commissione sanit\u00e0 Cocco ha ricordato come nell\u2019ultimo decennio presso la struttura ospedaliera si \u00e8 registrata una progressiva riduzione dell\u2019organico in tutti i reparti, determinando una grave situazione di disagio di tutto il personale sanitario in servizio - spesso impegnato in corsia e in ambulatorio con intolleranti carichi di lavoro \u2013con il conseguente decadimento delle prestazioni sanitarie a discapito dei cittadini.<\/p>\n\n\n\n<p>\u201cRitengo necessario procedere con urgenza all\u2019assunzione di nuovo personale attraverso lo scorrimento delle graduatorie per infermieri ancora aperte, l\u2019attivazione della mobilit\u00e0 per gli OSS dalle altre strutture sanitarie regionali verso i presidi nuoresi e all\u2019indizione di nuove selezioni e concorsi da parte dell\u2019ASL di Nuoro, per l\u2019assunzione di medici da assegnare all\u2019Ospedale nuorese e alle altre strutture sanitarie territoriali. Si deve inoltre procedere immediatamente alla definizione delle direzioni delle Unit\u00e0 Operative al fine di migliorare l\u2019organizzazione del personale e rendere pi\u00f9 efficacie ed efficiente l\u2019offerta dei servizi sanitari ai cittadini.\u201d<\/p>\n\n\n\n<p>L\u2019incontro si \u00e8 concluso con un\u2019apertura da parte dei vertici dell\u2019Assessorato della sanit\u00e0 e dell\u2019ARES ad attivare nel pi\u00f9 breve tempo possibile le procedure per la definizione delle istanze rappresentate dai Consiglieri regionali. Com<\/p>\n","protected":false},"excerpt":{"rendered":"<p>Cagliari, 2 Magg 2022 \u2013 Concorsi, selezioni e procedure di mobilit\u00e0 dedicate per reclutare il personale medico sanitario da destinare al San Francesco di Nuoro&#8230;<\/p>\n","protected":false},"author":2,"featured_media":221119,"comment_status":"closed","ping_status":"open","sticky":false,"template":"","format":"standard","meta":[],"categories":[49,52],"tags":[],"_links":{"self":[{"href":"https:\/\/www.cronacaonline.it\/index.php\/wp-json\/wp\/v2\/posts\/221118"}],"collection":[{"href":"https:\/\/www.cronacaonline.it\/index.php\/wp-json\/wp\/v2\/posts"}],"about":[{"href":"https:\/\/www.cronacaonline.it\/index.php\/wp-json\/wp\/v2\/types\/post"}],"author":[{"embeddable":true,"href":"https:\/\/www.cronacaonline.it\/index.php\/wp-json\/wp\/v2\/users\/2"}],"replies":[{"embeddable":true,"href":"https:\/\/www.cronacaonline.it\/index.php\/wp-json\/wp\/v2\/comments?post=221118"}],"version-history":[{"count":1,"href":"https:\/\/www.cronacaonline.it\/index.php\/wp-json\/wp\/v2\/posts\/221118\/revisions"}],"predecessor-version":[{"id":221120,"href":"https:\/\/www.cronacaonline.it\/index.php\/wp-json\/wp\/v2\/posts\/221118\/revisions\/221120"}],"wp:featuredmedia":[{"embeddable":true,"href":"https:\/\/www.cronacaonline.it\/index.php\/wp-json\/wp\/v2\/media\/221119"}],"wp:attachment":[{"href":"https:\/\/www.cronacaonline.it\/index.php\/wp-json\/wp\/v2\/media?parent=221118"}],"wp:term":[{"taxonomy":"category","embeddable":true,"href":"https:\/\/www.cronacaonline.it\/index.php\/wp-json\/wp\/v2\/categories?post=221118"},{"taxonomy":"post_tag","embeddable":true,"href":"https:\/\/www.cronacaonline.it\/index.php\/wp-json\/wp\/v2\/tags?post=221118"}],"curies":[{"name":"wp","href":"https:\/\/api.w.org\/{rel}","templated":true}]}}