{"id":221105,"date":"2022-05-02T13:56:01","date_gmt":"2022-05-02T11:56:01","guid":{"rendered":"https:\/\/www.cronacaonline.it\/?p=221105"},"modified":"2022-05-02T13:56:04","modified_gmt":"2022-05-02T11:56:04","slug":"formazione-la-regione-sardegna-impegnata-in-tre-master-di-ii-livello-lassessore-zedda-percorsi-gratuiti-per-formare-nuove-figure","status":"publish","type":"post","link":"https:\/\/www.cronacaonline.it\/index.php\/2022\/05\/02\/formazione-la-regione-sardegna-impegnata-in-tre-master-di-ii-livello-lassessore-zedda-percorsi-gratuiti-per-formare-nuove-figure\/","title":{"rendered":"Formazione, la Regione Sardegna impegnata in tre master di ii livello. L\u2019assessore Zedda: \u201cpercorsi gratuiti per formare nuove figure\u201d."},"content":{"rendered":"\n<p>Cagliari, 2 Magg 2022 \u2013\u00a0Sono tre i Master, di cui uno in partenza, interamente finanziati dalla Regione con un contributo complessivo di 250mila euro per la formazione di studenti, occupati e giovani in cerca di occupazione. I tue percorsi di alta formazione sono frutto dell\u2019accordo tra l\u2019assessorato del Lavoro, tramite l\u2019Agenzia Sarda per le Politiche Attive del Lavoro, Aspal, e Universit\u00e0 di Cagliari nel primo caso e il Distretto aerospaziale della Sardegna nel caso degli altri due percorsi di alta formazione gi\u00e0 in corso. \u201cStiamo cercando di creare la filiera del lavoro che parte dalla formazione e termina appunto nel mondo del lavoro e anche attraverso la formazione abbiamo voluto incentivare la partecipazione di occupati e inoccupati, mettendo a disposizione tre percorsi formativi interamente gratuiti e fortemente attuali per le tematiche trattate - ha spiegato l\u2019Assessore del Lavoro, Alessandra Zedda - Sia nel caso dei corsi in cybersecurity e in ingegneria dei sistemi aerospaziali che vede protagonista un centro d\u2019eccellenza a livello internazionale, il Distretto aerospaziale della Sardegna, e sia nel caso del master universitario in gestione risorse umane in fase di attivazione da parte dell\u2019Ateneo di Cagliari, abbiamo voluto che la formazione incontrasse le richieste che in questo momento arrivano dal mercato del lavoro\u201d.<\/p>\n\n\n\n<p>E sempre sul fronte dell\u2019alta formazione l\u2019Assessorato del Lavoro si prepara a un altro importante step che riguarda il Programma per la Formazione Professionale di Alto Livello \u201cSardinia HVET\u201d. Nel corso dell\u2019incontro l\u2019Assessore Zedda ha infatti spiegato che entro la settimana verr\u00e0 conclusa l\u2019analisi finale dei 56 percorsi proposti da una serie di Pubbliche Amministrazioni, tra cui le due Universit\u00e0 di Cagliari e Sassari. \u201cLa Regione ha messo a disposizione 1 milione e 700mila euro, ci auguriamo che tutti i progetti meritevoli possano essere validati e possano ottenere il finanziamento\u201d, ha spiegato l\u2019esponente della Giunta Solinas. L\u2019intento del Programma Sardinia HVET, in particolare, \u00e8 quello di promuovere una Formazione Professionale di Alto Livello per consentire, a lavoratori e disoccupati, l\u2019acquisizione di conoscenze e competenze per il raggiungimento di elevati livelli di specializzazione corrispondenti al Quadro Europeo di qualificazione EQF 6, 7 e 8.<\/p>\n\n\n\n<p>Il nuovo Master di II livello in Gestione e Sviluppo delle risorse umane, aperto a 32 persone, verr\u00e0 attivato dall\u2019Universit\u00e0 di Cagliari (con possibilit\u00e0 di stage all\u2019estero). Finanziato con 90mila euro dalla Regione e gratuito per gli studenti, che dovranno corrispondere solo piccole quote di iscrizione, risponde alle esigenze delle imprese che necessitano di professioniste e professionisti in grado di assicurare una corretta gestione delle risorse umane, nella consapevolezza che, mai come in questi tempi, siano le \u201cpersone\u201d l\u2019elemento cruciale per la competitivit\u00e0 e lo sviluppo delle aziende. Si tratta di una iniziativa di livello internazionale con la quale l\u2019Ateneo Cagliaritano offre l\u2019opportunit\u00e0 di acquisire conoscenze, competenze e capacit\u00e0 di alto livello di tipo multidisciplinare e specialistiche per lo sviluppo ed il consolidamento della professionalit\u00e0 necessaria per operare in questo settore specifico del mondo del lavoro. Gli altri due percorsi di alta formazione in Ingegneria dei sistemi aerospaziali e in Security awareness organizzati dal Dass con un finanziamento regionale complessivo di 160mila euro, sono partiti a novembre con 24 iscritti (10+14 divisi nei due master) e si chiuderanno alla fine di ottobre con la previsione di attivare i tirocini presso il Crs4 e in altri centri d\u2019eccellenza che accoglieranno i tirocinanti per formarli e immaginare poi un percorso assunzionale. Com<\/p>\n","protected":false},"excerpt":{"rendered":"<p>Cagliari, 2 Magg 2022 \u2013\u00a0Sono tre i Master, di cui uno in partenza, interamente finanziati dalla Regione con un contributo complessivo di 250mila euro per&#8230;<\/p>\n","protected":false},"author":2,"featured_media":221106,"comment_status":"closed","ping_status":"open","sticky":false,"template":"","format":"standard","meta":[],"categories":[49,52],"tags":[],"_links":{"self":[{"href":"https:\/\/www.cronacaonline.it\/index.php\/wp-json\/wp\/v2\/posts\/221105"}],"collection":[{"href":"https:\/\/www.cronacaonline.it\/index.php\/wp-json\/wp\/v2\/posts"}],"about":[{"href":"https:\/\/www.cronacaonline.it\/index.php\/wp-json\/wp\/v2\/types\/post"}],"author":[{"embeddable":true,"href":"https:\/\/www.cronacaonline.it\/index.php\/wp-json\/wp\/v2\/users\/2"}],"replies":[{"embeddable":true,"href":"https:\/\/www.cronacaonline.it\/index.php\/wp-json\/wp\/v2\/comments?post=221105"}],"version-history":[{"count":1,"href":"https:\/\/www.cronacaonline.it\/index.php\/wp-json\/wp\/v2\/posts\/221105\/revisions"}],"predecessor-version":[{"id":221107,"href":"https:\/\/www.cronacaonline.it\/index.php\/wp-json\/wp\/v2\/posts\/221105\/revisions\/221107"}],"wp:featuredmedia":[{"embeddable":true,"href":"https:\/\/www.cronacaonline.it\/index.php\/wp-json\/wp\/v2\/media\/221106"}],"wp:attachment":[{"href":"https:\/\/www.cronacaonline.it\/index.php\/wp-json\/wp\/v2\/media?parent=221105"}],"wp:term":[{"taxonomy":"category","embeddable":true,"href":"https:\/\/www.cronacaonline.it\/index.php\/wp-json\/wp\/v2\/categories?post=221105"},{"taxonomy":"post_tag","embeddable":true,"href":"https:\/\/www.cronacaonline.it\/index.php\/wp-json\/wp\/v2\/tags?post=221105"}],"curies":[{"name":"wp","href":"https:\/\/api.w.org\/{rel}","templated":true}]}}