{"id":221103,"date":"2022-05-02T13:52:20","date_gmt":"2022-05-02T11:52:20","guid":{"rendered":"https:\/\/www.cronacaonline.it\/?p=221103"},"modified":"2022-05-02T13:52:23","modified_gmt":"2022-05-02T11:52:23","slug":"consiglio-sardegna-commissioni-il-calendario-della-settimana-18","status":"publish","type":"post","link":"https:\/\/www.cronacaonline.it\/index.php\/2022\/05\/02\/consiglio-sardegna-commissioni-il-calendario-della-settimana-18\/","title":{"rendered":"Consiglio Sardegna &#8211; Commissioni: il calendario della settimana"},"content":{"rendered":"\n<p>Cagliari, 2 Magg 2022 \u2013 L\u2019attivit\u00e0 delle commissioni consiliari permanenti riprender\u00e0 domani (3 maggio) alle 10.00 con la seduta della commissione Attivit\u00e0 produttive presieduta da Piero Maieli (Psd\u2019Az). In programma le audizioni dell\u2019assessore dell\u2019Agricoltura Gabriella Murgia e dei commissari di Laore ed Argea che riferiranno sullo stato dei pagamenti relativi al Piano di sviluppo rurale.<\/p>\n\n\n\n<p>Successivamente interverranno ai lavori della commissione il Sindaco di Villacidro sulle manifestazioni ippiche per il 2022, il Comitato indipendente delle agenzie di viaggio (Cisav) sulle problematiche del settore, la Federazione Pesca sportiva e subacquea sulle autorizzazioni alle gare, Agronomi e Forestali sul bando 6.1 del Por 2014-2020 e la Confesercenti che illustrer\u00e0 il documento \u201cDalla liberalizzazione ad una nuova programmazione\u201d.<\/p>\n\n\n\n<p>Sempre marted\u00ec ma alle 16.00 riunione della commissione Bilancio presieduta da Stefano Schirru (Psd\u2019Az). L\u2019assessore della Programmazione Giuseppe Fasolino illustrer\u00e0 i contenuti del \u201cmandato a negoziare\u201d collegato al Programma regionale Fesr 2021-2027 e la riprogrammazione del Por-Fesr 2014-2020 riferita alle annualit\u00e0 2021-2022 ed alle misure di contrasto all\u2019emergenza Covid.<\/p>\n\n\n\n<p>Mercoled\u00ec alle 10.00, inoltre, riprenderanno i lavori della commissione Sanit\u00e0, presieduta da Antonio Mario Mundula (Fdi).<\/p>\n\n\n\n<p>Dopo una relazione dell\u2019assessore della Sanit\u00e0 Mario Nieddu, la commissione esaminer\u00e0 le proposte riguardanti gli indirizzi per l\u2019adozione degli atti aziendali di Ares, Asl, Areus e Aou, sulle quali dovr\u00e0 essere espresso un parere.<\/p>\n\n\n\n<p>All\u2019ordine del giorno anche i pareri sulla programmazione dei fondi per le politiche di pari opportunit\u00e0 e sostegno alla genitorialit\u00e0. Com<\/p>\n","protected":false},"excerpt":{"rendered":"<p>Cagliari, 2 Magg 2022 \u2013 L\u2019attivit\u00e0 delle commissioni consiliari permanenti riprender\u00e0 domani (3 maggio) alle 10.00 con la seduta della commissione Attivit\u00e0 produttive presieduta da&#8230;<\/p>\n","protected":false},"author":2,"featured_media":192512,"comment_status":"closed","ping_status":"open","sticky":false,"template":"","format":"standard","meta":[],"categories":[49,52],"tags":[],"_links":{"self":[{"href":"https:\/\/www.cronacaonline.it\/index.php\/wp-json\/wp\/v2\/posts\/221103"}],"collection":[{"href":"https:\/\/www.cronacaonline.it\/index.php\/wp-json\/wp\/v2\/posts"}],"about":[{"href":"https:\/\/www.cronacaonline.it\/index.php\/wp-json\/wp\/v2\/types\/post"}],"author":[{"embeddable":true,"href":"https:\/\/www.cronacaonline.it\/index.php\/wp-json\/wp\/v2\/users\/2"}],"replies":[{"embeddable":true,"href":"https:\/\/www.cronacaonline.it\/index.php\/wp-json\/wp\/v2\/comments?post=221103"}],"version-history":[{"count":1,"href":"https:\/\/www.cronacaonline.it\/index.php\/wp-json\/wp\/v2\/posts\/221103\/revisions"}],"predecessor-version":[{"id":221104,"href":"https:\/\/www.cronacaonline.it\/index.php\/wp-json\/wp\/v2\/posts\/221103\/revisions\/221104"}],"wp:featuredmedia":[{"embeddable":true,"href":"https:\/\/www.cronacaonline.it\/index.php\/wp-json\/wp\/v2\/media\/192512"}],"wp:attachment":[{"href":"https:\/\/www.cronacaonline.it\/index.php\/wp-json\/wp\/v2\/media?parent=221103"}],"wp:term":[{"taxonomy":"category","embeddable":true,"href":"https:\/\/www.cronacaonline.it\/index.php\/wp-json\/wp\/v2\/categories?post=221103"},{"taxonomy":"post_tag","embeddable":true,"href":"https:\/\/www.cronacaonline.it\/index.php\/wp-json\/wp\/v2\/tags?post=221103"}],"curies":[{"name":"wp","href":"https:\/\/api.w.org\/{rel}","templated":true}]}}