{"id":221056,"date":"2022-04-30T19:08:59","date_gmt":"2022-04-30T17:08:59","guid":{"rendered":"https:\/\/www.cronacaonline.it\/?p=221056"},"modified":"2022-04-30T19:09:01","modified_gmt":"2022-04-30T17:09:01","slug":"fiera-dellagricoltura-di-arborea-lassessore-pili-ripartenza-allinsegna-delle-donne-e-dei-giovani","status":"publish","type":"post","link":"https:\/\/www.cronacaonline.it\/index.php\/2022\/04\/30\/fiera-dellagricoltura-di-arborea-lassessore-pili-ripartenza-allinsegna-delle-donne-e-dei-giovani\/","title":{"rendered":"Fiera dell\u2019agricoltura di Arborea, l\u2019assessore Pili: ripartenza all\u2019insegna delle donne e dei giovani."},"content":{"rendered":"\n<p>Arborea, 30 Apr 2022 \u2013\u00a0\u201cUna ripartenza attesa, all\u2019insegna delle donne e dei giovani che quest\u2019anno sono i veri protagonisti. Da Arborea e dalla sua comunit\u00e0 dinamica arriva un importante esempio intergenerazionale, imprenditoriale e sociale e un segnale di forte vitalit\u00e0 che ci fanno guardare al futuro con ottimismo in vista del pieno ritorno alla normalit\u00e0 che tutto il sistema economico della Sardegna sta aspettando da tempo\u201d.<\/p>\n\n\n\n<p>Lo ha detto l\u2019assessore regionale dell\u2019Industria, Anita Pili, che stamattina ha partecipato in rappresentanza della Giunta all\u2019inaugurazione della Fiera dell\u2019agricoltura ad Arborea. La manifestazione presenta un ricco calendario di eventi \u2013 tra questi di particolare importanza la Mostra regionale del Bovino da latte della razza Frisona italiana \u2013 ed \u00e8 organizzata dal Comune di Arborea insieme alle associazioni locali, con il supporto della Regione Sardegna, per promuovere il sistema produttivo del territorio. Com<\/p>\n","protected":false},"excerpt":{"rendered":"<p>Arborea, 30 Apr 2022 \u2013\u00a0\u201cUna ripartenza attesa, all\u2019insegna delle donne e dei giovani che quest\u2019anno sono i veri protagonisti. Da Arborea e dalla sua comunit\u00e0&#8230;<\/p>\n","protected":false},"author":2,"featured_media":221057,"comment_status":"closed","ping_status":"open","sticky":false,"template":"","format":"standard","meta":[],"categories":[49,52],"tags":[],"_links":{"self":[{"href":"https:\/\/www.cronacaonline.it\/index.php\/wp-json\/wp\/v2\/posts\/221056"}],"collection":[{"href":"https:\/\/www.cronacaonline.it\/index.php\/wp-json\/wp\/v2\/posts"}],"about":[{"href":"https:\/\/www.cronacaonline.it\/index.php\/wp-json\/wp\/v2\/types\/post"}],"author":[{"embeddable":true,"href":"https:\/\/www.cronacaonline.it\/index.php\/wp-json\/wp\/v2\/users\/2"}],"replies":[{"embeddable":true,"href":"https:\/\/www.cronacaonline.it\/index.php\/wp-json\/wp\/v2\/comments?post=221056"}],"version-history":[{"count":1,"href":"https:\/\/www.cronacaonline.it\/index.php\/wp-json\/wp\/v2\/posts\/221056\/revisions"}],"predecessor-version":[{"id":221058,"href":"https:\/\/www.cronacaonline.it\/index.php\/wp-json\/wp\/v2\/posts\/221056\/revisions\/221058"}],"wp:featuredmedia":[{"embeddable":true,"href":"https:\/\/www.cronacaonline.it\/index.php\/wp-json\/wp\/v2\/media\/221057"}],"wp:attachment":[{"href":"https:\/\/www.cronacaonline.it\/index.php\/wp-json\/wp\/v2\/media?parent=221056"}],"wp:term":[{"taxonomy":"category","embeddable":true,"href":"https:\/\/www.cronacaonline.it\/index.php\/wp-json\/wp\/v2\/categories?post=221056"},{"taxonomy":"post_tag","embeddable":true,"href":"https:\/\/www.cronacaonline.it\/index.php\/wp-json\/wp\/v2\/tags?post=221056"}],"curies":[{"name":"wp","href":"https:\/\/api.w.org\/{rel}","templated":true}]}}