{"id":221023,"date":"2022-04-29T17:46:27","date_gmt":"2022-04-29T15:46:27","guid":{"rendered":"https:\/\/www.cronacaonline.it\/?p=221023"},"modified":"2022-04-29T17:46:29","modified_gmt":"2022-04-29T15:46:29","slug":"mobilita-sostenibile-la-regione-rinnova-la-flotta-arst-30-milioni-di-euro-per-lacquisto-di-nuovi-autobus-elettrici-ma-anche-a-idrogeno","status":"publish","type":"post","link":"https:\/\/www.cronacaonline.it\/index.php\/2022\/04\/29\/mobilita-sostenibile-la-regione-rinnova-la-flotta-arst-30-milioni-di-euro-per-lacquisto-di-nuovi-autobus-elettrici-ma-anche-a-idrogeno\/","title":{"rendered":"Mobilit\u00e0 sostenibile, la regione rinnova la flotta Arst: 30 milioni di euro per l\u2019acquisto di nuovi autobus elettrici, ma anche a idrogeno."},"content":{"rendered":"\n<p>Cagliari, 29 Apr 2022 \u2013\u00a0Trenta milioni di euro per l\u2019acquisto di autobus ad alimentazione elettrica e a idrogeno che andranno a rinnovare la flotta dell\u2019Arst. \u00c8 quanto prevede una delibera approvata oggi dalla Giunta regionale, su proposta dell\u2019assessore dei Trasporti, Giorgio Todde, che ha dato il via libera agli indirizzi per la programmazione delle risorse in arrivo dal Fondo complementare al Pnrr. Tre di questi mezzi, alimentati a idrogeno, saranno destinati al servizio di trasporto pubblico locale nel Nord Sardegna, dove \u00e8 prevista la realizzazione della centrale di produzione di idrogeno nell\u2019ambito dell\u2019intervento di collegamento ferroviario tra Alghero e il suo aeroporto.<\/p>\n\n\n\n<p>\u201cPasso dopo passo \u2013 commenta il presidente della Regione, Christian Solinas \u2013 stiamo portando avanti il progetto di un\u2019infrastruttura di grande importanza per tutta la Sardegna. Abbiamo gi\u00e0 ottenuto un finanziamento di 140 milioni&nbsp;per collegare le citt\u00e0 di Alghero e Sassari con l\u2019aeroporto di Fertilia con treni alimentati a idrogeno, proprio in funzione della realizzazione della centrale di produzione di idrogeno verde, cio\u00e8 prodotto da fonti di energia rinnovabile, che rappresenta un passo significativo per la transizione energetica della Sardegna\u201d.<\/p>\n\n\n\n<p>\u201cCon l\u2019Assessorato dell\u2019Industria \u2013 sottolinea l\u2019assessore Todde \u2013 abbiamo effettuato la&nbsp;ricognizione delle fonti di alimentazione, tra quelle ammesse al finanziamento del Pnrr, che pi\u00f9 si adattano agli obiettivi di sostenibilit\u00e0 e alle specifiche peculiarit\u00e0 infrastrutturali della Sardegna. Da questo approfondimento \u00e8 scaturito che i mezzi a trazione elettrica sono quelli che, traendo vantaggio dalla elevata e capillare disponibilit\u00e0 di energia prodotta da fonti rinnovabili, consentono a oggi una pi\u00f9 immediata ed efficace risposta agli obiettivi di sostenibilit\u00e0 ambientale\u201d.<\/p>\n\n\n\n<p>\u201cIn prospettiva anche l\u2019idrogeno costituisce una valida alternativa all'uso dei combustibili fossili, pur a fronte dei necessari tempi di infrastrutturazione, mentre il metano non appare una idonea soluzione, in considerazione del fatto che ad oggi \u00e8 presente un solo deposito a Oristano e occorrerebbe una rete logistica di alimentazione e trasporto per garantirne la disponibilit\u00e0 nelle restanti parti del territorio sardo, generando un sensibile carico ambientale\u201d, conclude l\u2019esponente della Giunta Sarda.&nbsp;Com<\/p>\n","protected":false},"excerpt":{"rendered":"<p>Cagliari, 29 Apr 2022 \u2013\u00a0Trenta milioni di euro per l\u2019acquisto di autobus ad alimentazione elettrica e a idrogeno che andranno a rinnovare la flotta dell\u2019Arst.&#8230;<\/p>\n","protected":false},"author":2,"featured_media":219664,"comment_status":"closed","ping_status":"open","sticky":false,"template":"","format":"standard","meta":[],"categories":[49,52],"tags":[],"_links":{"self":[{"href":"https:\/\/www.cronacaonline.it\/index.php\/wp-json\/wp\/v2\/posts\/221023"}],"collection":[{"href":"https:\/\/www.cronacaonline.it\/index.php\/wp-json\/wp\/v2\/posts"}],"about":[{"href":"https:\/\/www.cronacaonline.it\/index.php\/wp-json\/wp\/v2\/types\/post"}],"author":[{"embeddable":true,"href":"https:\/\/www.cronacaonline.it\/index.php\/wp-json\/wp\/v2\/users\/2"}],"replies":[{"embeddable":true,"href":"https:\/\/www.cronacaonline.it\/index.php\/wp-json\/wp\/v2\/comments?post=221023"}],"version-history":[{"count":1,"href":"https:\/\/www.cronacaonline.it\/index.php\/wp-json\/wp\/v2\/posts\/221023\/revisions"}],"predecessor-version":[{"id":221024,"href":"https:\/\/www.cronacaonline.it\/index.php\/wp-json\/wp\/v2\/posts\/221023\/revisions\/221024"}],"wp:featuredmedia":[{"embeddable":true,"href":"https:\/\/www.cronacaonline.it\/index.php\/wp-json\/wp\/v2\/media\/219664"}],"wp:attachment":[{"href":"https:\/\/www.cronacaonline.it\/index.php\/wp-json\/wp\/v2\/media?parent=221023"}],"wp:term":[{"taxonomy":"category","embeddable":true,"href":"https:\/\/www.cronacaonline.it\/index.php\/wp-json\/wp\/v2\/categories?post=221023"},{"taxonomy":"post_tag","embeddable":true,"href":"https:\/\/www.cronacaonline.it\/index.php\/wp-json\/wp\/v2\/tags?post=221023"}],"curies":[{"name":"wp","href":"https:\/\/api.w.org\/{rel}","templated":true}]}}