{"id":221012,"date":"2022-04-29T14:27:56","date_gmt":"2022-04-29T12:27:56","guid":{"rendered":"https:\/\/www.cronacaonline.it\/?p=221012"},"modified":"2022-04-29T14:27:59","modified_gmt":"2022-04-29T12:27:59","slug":"editoria-libraria-via-libera-agli-interventi-di-promozione-delle-opere-edite-in-sardegna","status":"publish","type":"post","link":"https:\/\/www.cronacaonline.it\/index.php\/2022\/04\/29\/editoria-libraria-via-libera-agli-interventi-di-promozione-delle-opere-edite-in-sardegna\/","title":{"rendered":"Editoria libraria: via libera agli interventi di promozione delle opere edite in Sardegna."},"content":{"rendered":"\n<p>Cagliari, 29 Apr 2022 \u2013\u00a0Per gli interventi finalizzati alla promozione dell'editoria sarda nel territorio regionale sono stati approvati gli interventi di sostegno finanziario destinato al comune di Macomer per la realizzazione, in stretto coordinamento con l'Assessorato alla Cultura e in collaborazione con gli operatori della filiera del libro sardo, in forma singola o associata, dell'annuale edizione della Mostra del libro edito in Sardegna. L\u2019importo stanziato a favore della mostra di Macomer \u00e8 di 95 mila euro.<\/p>\n\n\n\n<p>Riproposta inoltre, con un contributo di 25 mila euro, la formula dell'evento \u201cdiffuso\u201d, che prevede il coinvolgimento di altri territori e quindi di altri Enti Locali, individuando per il 2022 il comune di Tempio Pausania, in continuit\u00e0 con il biennio precedente.<\/p>\n\n\n\n<p>La Regione - sottolineato l\u2019assessore Andrea Biancareddu - ha l\u2019obiettivo di promuovere l\u2019editoria sarda, e partecipa annualmente a fiere e mostre editoriali di rilevanza nazionale e internazionale e cura, anche in collaborazione con altri soggetti, la realizzazione di mostre editoriali in territorio regionale.<\/p>\n\n\n\n<p>L\u2019importanza del ruolo che il libro sardo svolge per la conoscenza e promozione delle peculiarit\u00e0 culturali, storiche, artistiche, linguistiche e letterarie della Sardegna \u00e8 fondamentale per assicurare alta visibilit\u00e0 alla produzione editoriale isolana, favorendo quindi la partecipazione degli editori sardi a manifestazioni di livello nazionale e internazionale, per la promozione dei loro prodotti editoriali pi\u00f9 significativi.\u201d<\/p>\n\n\n\n<p>Gi\u00e0 prevista per il 2022 la programmazione di eventi a carattere extraregionale, come&nbsp;il Salone del Libro di Torino (19 -23 maggio 2022) e la Buchmesse di Francoforte (19-23 ottobre 2022).<\/p>\n\n\n\n<p>Lo stesso assessore Biancareddu ha stabilito che le fiere editoriali in ambito regionale non siano programmate in sovrapposizione tra loro n\u00e9 in concomitanza delle date di svolgimento di eventuali fiere anche nazionali e internazionali, al fine di garantire la massima partecipazione dei soggetti interessati. Com<\/p>\n","protected":false},"excerpt":{"rendered":"<p>Cagliari, 29 Apr 2022 \u2013\u00a0Per gli interventi finalizzati alla promozione dell&#8217;editoria sarda nel territorio regionale sono stati approvati gli interventi di sostegno finanziario destinato al&#8230;<\/p>\n","protected":false},"author":2,"featured_media":196027,"comment_status":"closed","ping_status":"open","sticky":false,"template":"","format":"standard","meta":[],"categories":[49,52],"tags":[],"_links":{"self":[{"href":"https:\/\/www.cronacaonline.it\/index.php\/wp-json\/wp\/v2\/posts\/221012"}],"collection":[{"href":"https:\/\/www.cronacaonline.it\/index.php\/wp-json\/wp\/v2\/posts"}],"about":[{"href":"https:\/\/www.cronacaonline.it\/index.php\/wp-json\/wp\/v2\/types\/post"}],"author":[{"embeddable":true,"href":"https:\/\/www.cronacaonline.it\/index.php\/wp-json\/wp\/v2\/users\/2"}],"replies":[{"embeddable":true,"href":"https:\/\/www.cronacaonline.it\/index.php\/wp-json\/wp\/v2\/comments?post=221012"}],"version-history":[{"count":1,"href":"https:\/\/www.cronacaonline.it\/index.php\/wp-json\/wp\/v2\/posts\/221012\/revisions"}],"predecessor-version":[{"id":221013,"href":"https:\/\/www.cronacaonline.it\/index.php\/wp-json\/wp\/v2\/posts\/221012\/revisions\/221013"}],"wp:featuredmedia":[{"embeddable":true,"href":"https:\/\/www.cronacaonline.it\/index.php\/wp-json\/wp\/v2\/media\/196027"}],"wp:attachment":[{"href":"https:\/\/www.cronacaonline.it\/index.php\/wp-json\/wp\/v2\/media?parent=221012"}],"wp:term":[{"taxonomy":"category","embeddable":true,"href":"https:\/\/www.cronacaonline.it\/index.php\/wp-json\/wp\/v2\/categories?post=221012"},{"taxonomy":"post_tag","embeddable":true,"href":"https:\/\/www.cronacaonline.it\/index.php\/wp-json\/wp\/v2\/tags?post=221012"}],"curies":[{"name":"wp","href":"https:\/\/api.w.org\/{rel}","templated":true}]}}