{"id":221002,"date":"2022-04-29T11:34:45","date_gmt":"2022-04-29T09:34:45","guid":{"rendered":"https:\/\/www.cronacaonline.it\/?p=221002"},"modified":"2022-04-29T11:34:47","modified_gmt":"2022-04-29T09:34:47","slug":"pnrr-sardegna-restauro-e-valorizzazione-patrimonio-architettonico-e-paesaggistico-rurale-seminario-web-in-diretta-streaming-per-illustrare-i-contenuti","status":"publish","type":"post","link":"https:\/\/www.cronacaonline.it\/index.php\/2022\/04\/29\/pnrr-sardegna-restauro-e-valorizzazione-patrimonio-architettonico-e-paesaggistico-rurale-seminario-web-in-diretta-streaming-per-illustrare-i-contenuti\/","title":{"rendered":"Pnrr Sardegna: restauro e valorizzazione patrimonio architettonico e paesaggistico rurale. Seminario web in diretta streaming per illustrare i contenuti."},"content":{"rendered":"\n<p>Cagliari, 29 Apr 2022 \u2013\u00a0Per meglio far comprendere i contenuti dell\u2019avviso pubblico per la protezione e valorizzazione dell\u2019architettura e del paesaggio rurale della Regione, e dare risposte alle domande gi\u00e0 pervenute e i punti di approfondimento, \u00e8 in programma per luned\u00ec prossimo, 2 maggio alle ore 11, un seminario web aperto a tutti in diretta streaming sulla pagina facebook della Regione Sardegna (<a rel=\"noreferrer noopener\" href=\"http:\/\/www.facebook.com\/regioneautonomasardegna\" target=\"_blank\">www.facebook.com\/regioneautonomasardegna<\/a>).<\/p>\n\n\n\n<p>Il focus sui contenuti dell\u2019avviso pubblico \u00e8 curato dalla Direzione Generale dell\u2019Assessorato alla Cultura e Pubblica Istruzione.<\/p>\n\n\n\n<p>L'obiettivo \u00e8 quello di informare i destinatari sui principali aspetti del bando e sul funzionamento della piattaforma di accesso per la presentazione delle istanze sul portale di Cassa depositi e prestiti.<br>Possono presentare domanda di finanziamento persone fisiche e soggetti privati profit e non profit, compresi gli enti ecclesiastici civilmente riconosciuti, enti del terzo settore e altre associazioni, fondazioni, cooperative, imprese in forma individuale o societaria, che siano proprietari, possessori o detentori a qualsiasi titolo di immobili appartenenti al patrimonio culturale rurale secondo le disposizioni stabilite nell\u2019avviso.<br>Il contributo concesso \u00e8 di 150 mila euro massimo come forma di cofinanziamento. La domanda di finanziamento, completa della documentazione, dovr\u00e0 pervenire, pena l\u2019esclusione, non oltre&nbsp;le ore 16.59 del 20 maggio 2022.<\/p>\n\n\n\n<p>Saranno ammissibili anche progetti che intervengano su beni del patrimonio architettonico e paesaggistico rurale di propriet\u00e0 pubblica, dei quali i soggetti privati e del terzo settore abbiano la piena disponibilit\u00e0, con titoli di godimento di durata pari almeno a 5 anni successivi alla conclusione amministrativa e contabile dell\u2019operazione finanziata, mantenendo i vincoli di destinazione per analoga durata.<\/p>\n\n\n\n<p>L\u2019intervento mira a migliorare la qualit\u00e0 paesaggistica del territorio e l\u2019implementazione di soluzioni innovative anche tecnologiche per migliorare l\u2019accessibilit\u00e0 per persone con disabilit\u00e0 fisica e sensoriale. Inoltre, il recupero del patrimonio edilizio rurale, coniugato ad interventi per migliorarne l\u2019efficienza energetica, contribuisce al raggiungimento degli obiettivi climatici e ambientali, restituendo alla collettivit\u00e0 e in molti casi all\u2019uso pubblico, un patrimonio edilizio sottoutilizzato e non accessibile al pubblico. Com<\/p>\n","protected":false},"excerpt":{"rendered":"<p>Cagliari, 29 Apr 2022 \u2013\u00a0Per meglio far comprendere i contenuti dell\u2019avviso pubblico per la protezione e valorizzazione dell\u2019architettura e del paesaggio rurale della Regione, e&#8230;<\/p>\n","protected":false},"author":2,"featured_media":6781,"comment_status":"closed","ping_status":"open","sticky":false,"template":"","format":"standard","meta":[],"categories":[49,52],"tags":[],"_links":{"self":[{"href":"https:\/\/www.cronacaonline.it\/index.php\/wp-json\/wp\/v2\/posts\/221002"}],"collection":[{"href":"https:\/\/www.cronacaonline.it\/index.php\/wp-json\/wp\/v2\/posts"}],"about":[{"href":"https:\/\/www.cronacaonline.it\/index.php\/wp-json\/wp\/v2\/types\/post"}],"author":[{"embeddable":true,"href":"https:\/\/www.cronacaonline.it\/index.php\/wp-json\/wp\/v2\/users\/2"}],"replies":[{"embeddable":true,"href":"https:\/\/www.cronacaonline.it\/index.php\/wp-json\/wp\/v2\/comments?post=221002"}],"version-history":[{"count":1,"href":"https:\/\/www.cronacaonline.it\/index.php\/wp-json\/wp\/v2\/posts\/221002\/revisions"}],"predecessor-version":[{"id":221003,"href":"https:\/\/www.cronacaonline.it\/index.php\/wp-json\/wp\/v2\/posts\/221002\/revisions\/221003"}],"wp:featuredmedia":[{"embeddable":true,"href":"https:\/\/www.cronacaonline.it\/index.php\/wp-json\/wp\/v2\/media\/6781"}],"wp:attachment":[{"href":"https:\/\/www.cronacaonline.it\/index.php\/wp-json\/wp\/v2\/media?parent=221002"}],"wp:term":[{"taxonomy":"category","embeddable":true,"href":"https:\/\/www.cronacaonline.it\/index.php\/wp-json\/wp\/v2\/categories?post=221002"},{"taxonomy":"post_tag","embeddable":true,"href":"https:\/\/www.cronacaonline.it\/index.php\/wp-json\/wp\/v2\/tags?post=221002"}],"curies":[{"name":"wp","href":"https:\/\/api.w.org\/{rel}","templated":true}]}}