{"id":220987,"date":"2022-04-28T18:27:37","date_gmt":"2022-04-28T16:27:37","guid":{"rendered":"https:\/\/www.cronacaonline.it\/?p=220987"},"modified":"2022-04-28T18:27:40","modified_gmt":"2022-04-28T16:27:40","slug":"consiglio-sardegna-seconda-commissione-cento-nuove-assunzioni-dalle-graduatorie-laore-e-aspal","status":"publish","type":"post","link":"https:\/\/www.cronacaonline.it\/index.php\/2022\/04\/28\/consiglio-sardegna-seconda-commissione-cento-nuove-assunzioni-dalle-graduatorie-laore-e-aspal\/","title":{"rendered":"Consiglio Sardegna &#8211; Seconda commissione: cento nuove assunzioni dalle graduatorie Laore e Aspal."},"content":{"rendered":"\n<p>Cagliari 28 Apr 2022. L\u2019assessora del Personale, Valeria Satta, nel corso dell\u2019audizione nella Seconda commissione, presieduta da Franco Stara (Udc), ha annunciato lo scorrimento delle graduatorie degli idonei del concorso Laore e di quella dell\u2019Aspal. Saranno dunque circa cento le nuove assunzioni nell\u2019amministrazione regionale, alle quali si aggiungono le stabilizzazioni nell\u2019agenzia Sardegna Ricerche e in Agris che si potranno concretizzare grazie alla cosiddetta cessione della capacit\u00e0 d\u2019assunzione della Regione ed a un nuovo stanziamento in favore di Agris che \u00e8 atteso nell\u2019annunciata \u201cOmnibus 2\u201d.<\/p>\n\n\n\n<p>\u00abContinueremo per\u00f2 con l\u2019espletamento dei concorsi \u2013 ha dichiarato l\u2019assessora \u2013 e garantiremo il giusto equilibrio tra le chiamate attraverso lo scorrimento delle graduatorie e quelle fatte con il ricorso alle procedure concorsuali\u00bb.<\/p>\n\n\n\n<p>Sollecitata anche dalle richieste di chiarimento formulate dallo stesso presidente Stara,&nbsp;dei consiglieri Li Gioi (M5S), Caddeo (Progressisti), Comandini (Pd), Fancello (Psd\u2019Az) la direttrice dell\u2019assessorato, Silvia Cocco, ha meglio precisato procedure e aspetti prettamente tecnici. \u00abI tempi per lo svolgimento e la conclusione dei concorsi \u2013 ha dichiarato la dottoressa Cocco \u2013 non sono in linea con le urgenze dell\u2019amministrazione ma l\u2019aver ricominciato le selezioni concorsuali ci d\u00e0 fiducia perch\u00e9 non possano ripetersi le grave carenze negli organici che oggi si registrano in tutto il sistema Regione\u00bb.<\/p>\n\n\n\n<p>L\u2019assessora Satta ha quindi informato i commissari del parlamentino del Lavoro dell\u2019incontro in programma nella giornata di domani (venerd\u00ec 29 aprile) con i sindacati, per la concertazione del piano triennale del fabbisogno del personale. Il piano che, per l\u2019anno in corso, prevede circa 400 posti, tra amministrazione e corpo forestale&nbsp;(282 sono per\u00f2 gi\u00e0 le assunzioni gi\u00e0 fatte), potr\u00e0 poi essere presentato per l\u2019approvazione in Giunta. Com<\/p>\n","protected":false},"excerpt":{"rendered":"<p>Cagliari 28 Apr 2022. L\u2019assessora del Personale, Valeria Satta, nel corso dell\u2019audizione nella Seconda commissione, presieduta da Franco Stara (Udc), ha annunciato lo scorrimento delle&#8230;<\/p>\n","protected":false},"author":2,"featured_media":212799,"comment_status":"closed","ping_status":"open","sticky":false,"template":"","format":"standard","meta":[],"categories":[49,52],"tags":[],"_links":{"self":[{"href":"https:\/\/www.cronacaonline.it\/index.php\/wp-json\/wp\/v2\/posts\/220987"}],"collection":[{"href":"https:\/\/www.cronacaonline.it\/index.php\/wp-json\/wp\/v2\/posts"}],"about":[{"href":"https:\/\/www.cronacaonline.it\/index.php\/wp-json\/wp\/v2\/types\/post"}],"author":[{"embeddable":true,"href":"https:\/\/www.cronacaonline.it\/index.php\/wp-json\/wp\/v2\/users\/2"}],"replies":[{"embeddable":true,"href":"https:\/\/www.cronacaonline.it\/index.php\/wp-json\/wp\/v2\/comments?post=220987"}],"version-history":[{"count":1,"href":"https:\/\/www.cronacaonline.it\/index.php\/wp-json\/wp\/v2\/posts\/220987\/revisions"}],"predecessor-version":[{"id":220988,"href":"https:\/\/www.cronacaonline.it\/index.php\/wp-json\/wp\/v2\/posts\/220987\/revisions\/220988"}],"wp:featuredmedia":[{"embeddable":true,"href":"https:\/\/www.cronacaonline.it\/index.php\/wp-json\/wp\/v2\/media\/212799"}],"wp:attachment":[{"href":"https:\/\/www.cronacaonline.it\/index.php\/wp-json\/wp\/v2\/media?parent=220987"}],"wp:term":[{"taxonomy":"category","embeddable":true,"href":"https:\/\/www.cronacaonline.it\/index.php\/wp-json\/wp\/v2\/categories?post=220987"},{"taxonomy":"post_tag","embeddable":true,"href":"https:\/\/www.cronacaonline.it\/index.php\/wp-json\/wp\/v2\/tags?post=220987"}],"curies":[{"name":"wp","href":"https:\/\/api.w.org\/{rel}","templated":true}]}}