{"id":220985,"date":"2022-04-28T16:43:05","date_gmt":"2022-04-28T14:43:05","guid":{"rendered":"https:\/\/www.cronacaonline.it\/?p=220985"},"modified":"2022-04-28T16:43:08","modified_gmt":"2022-04-28T14:43:08","slug":"insularita-il-presidente-solinas-interviene-al-parlamento-ue-nessuno-deve-essere-lasciato-indietro-chiediamo-alleuropa-che-questo-principio-valga-anche-per-le-isole","status":"publish","type":"post","link":"https:\/\/www.cronacaonline.it\/index.php\/2022\/04\/28\/insularita-il-presidente-solinas-interviene-al-parlamento-ue-nessuno-deve-essere-lasciato-indietro-chiediamo-alleuropa-che-questo-principio-valga-anche-per-le-isole\/","title":{"rendered":"Insularit\u00e0, il presidente Solinas interviene al parlamento Ue. \u201cNessuno deve essere lasciato indietro: chiediamo all\u2019Europa che questo principio valga anche per le isole\u201d."},"content":{"rendered":"\n<p>Cagliari, 28 aprile 2022 \u2013\u00a0\u201cUn\u2019Europa con regioni zoppe \u00e8 un\u2019Europa meno forte. Parlare di regioni insulari significa parlare\u00a0di oltre 20 milioni di cittadini, pari a circa il 5% della popolazione europea, distribuiti in ben 13 Stati membri. Non si pu\u00f2 non tenerne conto. Lo chiedono le Isole, lo dice il Trattato europeo\u201d. Cos\u00ec il Presidente della Regione Christian Solinas, nel corso dell\u2019incontro che si \u00e8 tenuto nel pomeriggio al Parlamento europeo sul futuro dell\u2019Unione nelle politiche insulari e di coesione, che segue la conferenza politica del 5 aprile organizzata dal Comitato delle Regioni.<\/p>\n\n\n\n<p>Esprimendo forte preoccupazione per la guerra e manifestando la vicinanza della Sardegna alla popolazione civile, il Presidente, collegato via web, \u00e8 tornato a chiedere alle istituzioni dell'Unione europea di integrare la dimensione insulare nelle politiche dell'UE. \u201cNonostante il difficile momento storico, questo incontro \u00e8 la testimonianza della prosecuzione dei lavori a livello europeo, per dare risposta alle regioni e ai cittadini \u2013 ha detto il Presidente - Nel chiedere uno specifico status giuridico europeo non chiediamo un privilegio, ma strumenti per essere sullo stesso piano competitivo delle altre regioni: una politica europea per le Isole \u00e8 necessaria alla sopravvivenza economica e demografica dei nostri territori caratterizzati, proprio in virt\u00f9 della loro condizione insulare, da un'economia fortemente dipendente dall'esterno e dalla connettivit\u00e0 con le regioni continentali, e gravati da sovra-costi di notevole entit\u00e0 negli approvvigionamenti di beni e servizi, a discapito dei nostri cittadini e imprese\u201d.<\/p>\n\n\n\n<p>Il Presidente ha quindi evidenziato i limiti delle regioni insulari e le forti disparit\u00e0 di sviluppo delle regioni insulari che, ha spiegato, \u201channo causa proprio nelle specificit\u00e0 dei territori, con evidenti ripercussioni in termini di sviluppo, puntualmente registrate nei report della Commissione europea, a cominciare dall\u2019indice di competitivit\u00e0 che pone le regioni insulari indietro rispetto alla media europea\u201d. Una situazione di mancato sviluppo \u201cche determina una tassa insulare\u201d, ha proseguito il Presidente citando il report dell\u2019Istituto Bruno Leoni, che ha quantificato in circa 5.700 il costo che grava sui cittadini sardi, dovuto alla ridotta dimensione del mercato interno, alla distanza dal continente e alle difficolt\u00e0 nella circolazione di merci e persone. \u201cEsiste quindi una questione insulare tuttora aperta e irrisolta \u2013 ha spiegato il Presidente Solinas \u2013 dato che i dispositivi legislativi europei non distinguono le specificit\u00e0 territoriali che pure sono richiamate dall\u2019art. 174 del Trattato, che cita espressamente le regioni insulari tra quelle cui le politiche della UE devono rivolgere un'attenzione particolare\u201d.<\/p>\n\n\n\n<p>\u201cCome Regione Autonoma della Sardegna siamo impegnati su diversi fronti istituzionali per vedere riconosciuta la nostra specificit\u00e0 territoriale. In Italia \u2013 ha proseguito il Presidente - stiamo portando avanti una battaglia per il riconoscimento in Costituzione dell\u2019insularit\u00e0 come fattore di svantaggio. In sede Europea da diversi anni la nostra regione porta avanti azioni per chiedere la piena attuazione dell\u2019articolo 174 del Trattato Europeo, che si sostanzi in una strategia per le Isole. Servono disposizioni giuridiche specifiche \u2013 ha continuato il Presidente - ma nel chiedere misure di maggiore flessibilit\u00e0 necessarie a superare le sfide e i vincoli derivanti dalla condizione insulare non chiediamo un privilegio ma strumenti per essere sullo stesso piano competitivo delle regioni. Ne va del nostro stesso futuro\u201d. Il Presidente, in chiusura del suo intervento ha confermato la volont\u00e0 di proseguire nella strada tracciata, chiedendo con forza una politica europea per le Isole, quindi un approccio territoriale nella formulazione delle politiche e della legislazione della UE: \u201cContinuer\u00e0 il mio impegno come Presidente di una regione insulare nell\u2019ottica di una collaborazione reciproca. \u2018Nessuno deve essere lasciato indietro\u2019: \u00e8 un bel motto, chiediamo valga anche per noi\u201d. Com<\/p>\n","protected":false},"excerpt":{"rendered":"<p>Cagliari, 28 aprile 2022 \u2013\u00a0\u201cUn\u2019Europa con regioni zoppe \u00e8 un\u2019Europa meno forte. Parlare di regioni insulari significa parlare\u00a0di oltre 20 milioni di cittadini, pari a&#8230;<\/p>\n","protected":false},"author":2,"featured_media":187128,"comment_status":"closed","ping_status":"open","sticky":false,"template":"","format":"standard","meta":[],"categories":[49,52],"tags":[],"_links":{"self":[{"href":"https:\/\/www.cronacaonline.it\/index.php\/wp-json\/wp\/v2\/posts\/220985"}],"collection":[{"href":"https:\/\/www.cronacaonline.it\/index.php\/wp-json\/wp\/v2\/posts"}],"about":[{"href":"https:\/\/www.cronacaonline.it\/index.php\/wp-json\/wp\/v2\/types\/post"}],"author":[{"embeddable":true,"href":"https:\/\/www.cronacaonline.it\/index.php\/wp-json\/wp\/v2\/users\/2"}],"replies":[{"embeddable":true,"href":"https:\/\/www.cronacaonline.it\/index.php\/wp-json\/wp\/v2\/comments?post=220985"}],"version-history":[{"count":1,"href":"https:\/\/www.cronacaonline.it\/index.php\/wp-json\/wp\/v2\/posts\/220985\/revisions"}],"predecessor-version":[{"id":220986,"href":"https:\/\/www.cronacaonline.it\/index.php\/wp-json\/wp\/v2\/posts\/220985\/revisions\/220986"}],"wp:featuredmedia":[{"embeddable":true,"href":"https:\/\/www.cronacaonline.it\/index.php\/wp-json\/wp\/v2\/media\/187128"}],"wp:attachment":[{"href":"https:\/\/www.cronacaonline.it\/index.php\/wp-json\/wp\/v2\/media?parent=220985"}],"wp:term":[{"taxonomy":"category","embeddable":true,"href":"https:\/\/www.cronacaonline.it\/index.php\/wp-json\/wp\/v2\/categories?post=220985"},{"taxonomy":"post_tag","embeddable":true,"href":"https:\/\/www.cronacaonline.it\/index.php\/wp-json\/wp\/v2\/tags?post=220985"}],"curies":[{"name":"wp","href":"https:\/\/api.w.org\/{rel}","templated":true}]}}