{"id":220838,"date":"2022-04-26T15:08:02","date_gmt":"2022-04-26T13:08:02","guid":{"rendered":"https:\/\/www.cronacaonline.it\/?p=220838"},"modified":"2022-04-26T15:08:05","modified_gmt":"2022-04-26T13:08:05","slug":"sa-die-de-sa-sardigna-giornata-di-festa-a-sa-manifattura-il-presidente-solinas-rievochiamo-la-storia-con-orgoglio-per-tenere-viva-la-memoria-del-grande-popolo-sardo","status":"publish","type":"post","link":"https:\/\/www.cronacaonline.it\/index.php\/2022\/04\/26\/sa-die-de-sa-sardigna-giornata-di-festa-a-sa-manifattura-il-presidente-solinas-rievochiamo-la-storia-con-orgoglio-per-tenere-viva-la-memoria-del-grande-popolo-sardo\/","title":{"rendered":"Sa Die de sa Sardigna, giornata di festa a sa manifattura. Il presidente Solinas: rievochiamo la storia con orgoglio per tenere viva la memoria del grande popolo sardo\u201d."},"content":{"rendered":"\n<p>Cagliari, 26 Apr 2022\u00a0\u2013 Tornano in presenza con una serie di appuntamenti che spaziano dalle rievocazioni storiche alle celebrazioni religiose e istituzionali passando per\u00a0i dibattiti e le\u00a0iniziative culturali, i festeggiamenti per Sa die de sa Sardigna, giornata di orgoglio del popolo sardo istituita nel 1993 per ricordare la sommossa dei Vespri sardi. \u201cOgni 28 aprile rievochiamo la Storia con orgoglio per tenere viva la memoria del grande e glorioso popolo sardo\u201d, ha detto il Presidente della Regione Christian Solinas. \u201cSa Die, giornata della libert\u00e0 e del riscatto che dopo due anni di pandemia possiamo finalmente tornare a festeggiare tutti insieme, sia l\u2019occasione per ripartire e condividere un momento di riflessione su passato e di stimolo per il futuro affinch\u00e9 la Sardegna torni a essere la terra dei sardi e nessuno di essi debba pi\u00f9 essere costretto per alcun motivo a lasciarla\u201d.<\/p>\n\n\n\n<p>\u00c8 un calendario ricco di eventi, quello proposto dalla Regione.&nbsp;&nbsp;Si comincia alla 9,30 alla Cattedrale di Cagliari con la Santa Messa officiata dall\u2019arcivescovo Giuseppe Baturi. Le iniziative prenderanno il via dalle 10 del mattino a Sa Manifattura, in Viale Regina Margherita, dove proseguiranno fino alle 22. Il primo appuntamento sar\u00e0 con la manifestazione di rievocazione storica de Sa Die de Sa Sardigna, anticipata dall\u2019esecuzione solenne dell\u2019inno \u201cProcurade \u2018e moderare Barones, sa tirannia\u201d a cura del Coro Carrales.<\/p>\n\n\n\n<p>A caratterizzare la mattinata nella fascia oraria che va dalle 10.00 alle 13.00 e nel pomeriggio dalle 15.00 alle 19.30 i banchi didattici sul periodo Nuragico (oggetti di vita quotidiana; monili, bronzetti; archeologia sperimentale con telaio; fattura del pane timbrato con le pintadere; mostra di abbigliamento civile e militare; armi e armature) e Giudicale (sartoria e moda con riproduzione dell\u2019abito di Mariano IV; riproduzione di testi biblici e del celebre trattato noto come Flos Duellatorum; armi e armature; strategia militare con focus sul conflitto tra Arborea, sotto il controllo del giudice Mariano IV, e Aragona; scherma, con dimostrazioni duellistiche; arcieria con dimostrazioni di tiro con l\u2019arco; produzione di pergamene). Un banco didattico sar\u00e0 riservato anche al 1700. Spazio, quindi, anche all\u2019allestimento e mostra del vestiario militare in utilizzo tra sardi e piemontesi, con la spiegazione dettagliata del vestito originale di fine \u2018700 della Corte Sabauda in Sardegna e dei vestiti miliziani. In esposizione ci saranno anche le armi originali del periodo, sia quelle in dotazione ai sardi (cannetta sarda a pietra focaia assemblata a Tempio-Pausania; leppa de ghinzu; forche in ferro in dotazione ai meno abbienti dell\u2019epoca) sia le armi in dotazione ai piemontesi (fucile a pietra focaia con baionetta -1790-1812; pistola di cavalleria -1770; sciabole da dragone -fine \u2018700; pistolone a tromba.<\/p>\n\n\n\n<p>Guardando alle manifestazioni di rievocazione storica, dalle 10:30 alle 11:15 presso la postazione nuragica sar\u00e0 possibile assistere alla rappresentazione teatrale di un rito sacro per l\u2019iniziazione di due guerrieri che si apprestano a partire in battaglia, richiamando su di loro la benevolenza delle divinit\u00e0 mentre dalle 11:30 alle 12:30 presso la postazione giudicale si terr\u00e0 la rappresentazione teatrale dell\u2019investitura di un cavaliere arborense che giurer\u00e0 fedelt\u00e0 a Mariano IV. A seguire verr\u00e0 messo in scena un duello in arme.&nbsp;&nbsp;Gli eventi saranno riproposti nel pomeriggio a partire dalle 16,30 per il periodo nuragico e dalle 17,30 per quello giudicale. Nel secondo caso gli ospiti de sa Manifattura potranno assistere alla vestizione dei cavalieri; alla rappresentazione di una delle battaglie avvenuta tra Arborea e Aragona a fine \u2018300; alla rappresentazione teatrale riguardante l\u2019investitura di un combattente che, per meriti ottenuti in battaglia, acquis\u00ec il rango di cavaliere.<\/p>\n\n\n\n<p>In chiusura della giornata, la Storia diventa musica nella fascia serale con \u201cSa die de s\u2019acciappa\u201d, ovvero una gara di poeti improvvisatori in programma dalle 19,30 alle 20, ma diventa anche spettacolo teatrale con la rappresentazione della \u201cemozione\u201d del 28 aprile 1794 dalle 20,30 alle 22. Com<\/p>\n","protected":false},"excerpt":{"rendered":"<p>Cagliari, 26 Apr 2022\u00a0\u2013 Tornano in presenza con una serie di appuntamenti che spaziano dalle rievocazioni storiche alle celebrazioni religiose e istituzionali passando per\u00a0i dibattiti&#8230;<\/p>\n","protected":false},"author":2,"featured_media":205828,"comment_status":"closed","ping_status":"open","sticky":false,"template":"","format":"standard","meta":[],"categories":[49,52],"tags":[],"_links":{"self":[{"href":"https:\/\/www.cronacaonline.it\/index.php\/wp-json\/wp\/v2\/posts\/220838"}],"collection":[{"href":"https:\/\/www.cronacaonline.it\/index.php\/wp-json\/wp\/v2\/posts"}],"about":[{"href":"https:\/\/www.cronacaonline.it\/index.php\/wp-json\/wp\/v2\/types\/post"}],"author":[{"embeddable":true,"href":"https:\/\/www.cronacaonline.it\/index.php\/wp-json\/wp\/v2\/users\/2"}],"replies":[{"embeddable":true,"href":"https:\/\/www.cronacaonline.it\/index.php\/wp-json\/wp\/v2\/comments?post=220838"}],"version-history":[{"count":1,"href":"https:\/\/www.cronacaonline.it\/index.php\/wp-json\/wp\/v2\/posts\/220838\/revisions"}],"predecessor-version":[{"id":220839,"href":"https:\/\/www.cronacaonline.it\/index.php\/wp-json\/wp\/v2\/posts\/220838\/revisions\/220839"}],"wp:featuredmedia":[{"embeddable":true,"href":"https:\/\/www.cronacaonline.it\/index.php\/wp-json\/wp\/v2\/media\/205828"}],"wp:attachment":[{"href":"https:\/\/www.cronacaonline.it\/index.php\/wp-json\/wp\/v2\/media?parent=220838"}],"wp:term":[{"taxonomy":"category","embeddable":true,"href":"https:\/\/www.cronacaonline.it\/index.php\/wp-json\/wp\/v2\/categories?post=220838"},{"taxonomy":"post_tag","embeddable":true,"href":"https:\/\/www.cronacaonline.it\/index.php\/wp-json\/wp\/v2\/tags?post=220838"}],"curies":[{"name":"wp","href":"https:\/\/api.w.org\/{rel}","templated":true}]}}