{"id":220833,"date":"2022-04-26T14:32:36","date_gmt":"2022-04-26T12:32:36","guid":{"rendered":"https:\/\/www.cronacaonline.it\/?p=220833"},"modified":"2022-04-26T14:32:39","modified_gmt":"2022-04-26T12:32:39","slug":"daniel-smith-dirige-per-la-prima-volta-il-29-30-aprile-lorchestra-del-teatro-lirico-in-pagine-di-beethoven-e-schubert","status":"publish","type":"post","link":"https:\/\/www.cronacaonline.it\/index.php\/2022\/04\/26\/daniel-smith-dirige-per-la-prima-volta-il-29-30-aprile-lorchestra-del-teatro-lirico-in-pagine-di-beethoven-e-schubert\/","title":{"rendered":"Daniel Smith dirige, per la prima volta, il 29-30 aprile, l\u2019Orchestra del Teatro Lirico, in pagine di Beethoven e Schubert."},"content":{"rendered":"\n<p>Cagliari, 26 Apr 2022 - Venerd\u00ec 29 aprile alle 20.30 (turno A) e sabato 30 aprile alle 19 (turno B) \u00e8 in programma il settimo appuntamento della Stagione concertistica 2022 del Teatro Lirico di Cagliari che presenta ancora un importante debutto a Cagliari: si tratta di Daniel Smith (1981), giovane e talentuoso direttore australiano (ma abita a Roma), vincitore, tra gli altri riconoscimenti, del secondo premio nel prestigioso \u201cSir Georg Solti International Conductors\u2019 Competition\u201d nel 2012 che dirige l\u2019Orchestra del Teatro Lirico in un concerto che propone l\u2019ascolto di due celebri pagine sinfoniche della prima met\u00e0 dell\u2019Ottocento (1802 Beethoven e 1825 Schubert), entrambe scritte nella piena maturit\u00e0 artistica e compositiva del rispettivo autore.<\/p>\n\n\n\n<p>Il programma musicale prevede infatti l\u2019esecuzione di: Seconda Sinfonia in Re maggiore op. 36 di Ludwig van Beethoven; Nona Sinfonia in Do maggiore \u201cLa grande\u201d D. 944 di Franz Schubert.<\/p>\n\n\n\n<p>Lo spettacolo ha una durata complessiva di 1 ora e 30 minuti circa, compreso l\u2019intervallo.<\/p>\n\n\n\n<p>I posti in teatro sono identificati, come sempre, per ordine (platea, prima e seconda loggia) e per settore (giallo, rosso e blu). Ad ogni settore corrisponde un prezzo, secondo il diverso valore dei posti.<\/p>\n\n\n\n<p>Ai giovani under 30 ed ai disabili sono applicate riduzioni del 50% sull\u2019acquisto di abbonamenti e biglietti. Ulteriori agevolazioni sono previste per gruppi organizzati.<\/p>\n\n\n\n<p>\u00c8 consentito l\u2019uso dei voucher (Stagione concertistica 2020 - Stagione lirica e di balletto 2020) per il pagamento dei biglietti (dietro presentazione degli stessi voucher). Si invita ad utilizzare il pagamento elettronico (carte di credito e bancomat), soprattutto per un\u2019eventuale differenza da integrare (se il voucher fosse di importo inferiore al prezzo dell\u2019abbonamento e\/o del biglietto).<\/p>\n\n\n\n<p>Il Teatro Lirico di Cagliari continua ad offrire la possibilit\u00e0, al variegato e multiforme pubblico di giovani e giovanissimi studenti di tutte le scuole sarde di qualsiasi ordine e grado, di avvicinarsi ancora una volta o, in alcuni casi, per la prima volta all\u2019affascinante mondo del teatro musicale a condizioni davvero vantaggiose ed agevolate.<\/p>\n\n\n\n<p>Anche in occasione di questo spettacolo, sono a disposizione biglietti, al prezzo promozionale di \u20ac 2, per tutte le scuole della Sardegna, compresi i conservatori e le universit\u00e0.<\/p>\n\n\n\n<p>La Biglietteria del Teatro Lirico \u00e8 aperta luned\u00ec, marted\u00ec, gioved\u00ec, venerd\u00ec e sabato dalle 9 alle 13, mercoled\u00ec dalle 16 alle 20 e, nei giorni di spettacolo, anche da due ore prima dell\u2019inizio. Com<\/p>\n","protected":false},"excerpt":{"rendered":"<p>Cagliari, 26 Apr 2022 &#8211; Venerd\u00ec 29 aprile alle 20.30 (turno A) e sabato 30 aprile alle 19 (turno B) \u00e8 in programma il settimo&#8230;<\/p>\n","protected":false},"author":2,"featured_media":220834,"comment_status":"closed","ping_status":"open","sticky":false,"template":"","format":"standard","meta":[],"categories":[54],"tags":[],"_links":{"self":[{"href":"https:\/\/www.cronacaonline.it\/index.php\/wp-json\/wp\/v2\/posts\/220833"}],"collection":[{"href":"https:\/\/www.cronacaonline.it\/index.php\/wp-json\/wp\/v2\/posts"}],"about":[{"href":"https:\/\/www.cronacaonline.it\/index.php\/wp-json\/wp\/v2\/types\/post"}],"author":[{"embeddable":true,"href":"https:\/\/www.cronacaonline.it\/index.php\/wp-json\/wp\/v2\/users\/2"}],"replies":[{"embeddable":true,"href":"https:\/\/www.cronacaonline.it\/index.php\/wp-json\/wp\/v2\/comments?post=220833"}],"version-history":[{"count":1,"href":"https:\/\/www.cronacaonline.it\/index.php\/wp-json\/wp\/v2\/posts\/220833\/revisions"}],"predecessor-version":[{"id":220835,"href":"https:\/\/www.cronacaonline.it\/index.php\/wp-json\/wp\/v2\/posts\/220833\/revisions\/220835"}],"wp:featuredmedia":[{"embeddable":true,"href":"https:\/\/www.cronacaonline.it\/index.php\/wp-json\/wp\/v2\/media\/220834"}],"wp:attachment":[{"href":"https:\/\/www.cronacaonline.it\/index.php\/wp-json\/wp\/v2\/media?parent=220833"}],"wp:term":[{"taxonomy":"category","embeddable":true,"href":"https:\/\/www.cronacaonline.it\/index.php\/wp-json\/wp\/v2\/categories?post=220833"},{"taxonomy":"post_tag","embeddable":true,"href":"https:\/\/www.cronacaonline.it\/index.php\/wp-json\/wp\/v2\/tags?post=220833"}],"curies":[{"name":"wp","href":"https:\/\/api.w.org\/{rel}","templated":true}]}}