{"id":220765,"date":"2022-04-23T15:15:55","date_gmt":"2022-04-23T13:15:55","guid":{"rendered":"https:\/\/www.cronacaonline.it\/?p=220765"},"modified":"2022-04-23T15:15:57","modified_gmt":"2022-04-23T13:15:57","slug":"diritto-alla-casa-assessore-aldo-salaris-la-regione-sardegna-approva-due-rimodulazioni-di-risorse-per-interventi-in-tutta-lisola","status":"publish","type":"post","link":"https:\/\/www.cronacaonline.it\/index.php\/2022\/04\/23\/diritto-alla-casa-assessore-aldo-salaris-la-regione-sardegna-approva-due-rimodulazioni-di-risorse-per-interventi-in-tutta-lisola\/","title":{"rendered":"Diritto alla casa, Assessore Aldo Salaris: la Regione Sardegna approva due rimodulazioni di risorse per interventi in tutta l\u2019isola."},"content":{"rendered":"\n<p>Cagliari, 23 Apr 2022 \u2013\u00a0Il diritto alla casa come tema centrale dell\u2019agenda politica della Regione, declinato non solo con le misure in favore della prima casa e della natalit\u00e0 nei Comuni sotto i 3mila abitanti previste dall\u2019ultima manovra, ma anche con la rimodulazione delle risorse e la riprogrammazione degli interventi sul fronte dell\u2019edilizia residenziale pubblica. Sono tre le delibere approvate dalla Giunta nel corso dell\u2019ultima seduta, su proposta dell\u2019Assessore dei Lavori Pubblici, Aldo Salaris, tese a sostenere le famiglie pi\u00f9 svantaggiate e combattere il disagio abitativo.<\/p>\n\n\n\n<p>\u201cAbbiamo recepito le richieste dei Comuni e sulla base delle nuove esigenze intervenute seguito della pandemia e della crisi procedendo con la rimodulazione delle risorse in favore dei Comuni sardi che pi\u00f9 avevano necessit\u00e0 del sostegno della Regione\u201d, ha aggiunto l\u2019Assessore dei Lavori Pubblici, Aldo Salaris, evidenziando l\u2019impegno profuso fino a oggi in favore dell\u2019edilizia pubblica: \u201cAbbiamo destinato oltre 17 milioni di euro alle manutenzioni degli alloggi esistenti (di cui 4 in arrivo con le risorse del PNRR) ed \u00e8 in corso di pianificazione il piano per la realizzazione di nuovi alloggi. Con queste ulteriori misure, che rappresentano una rimodulazione di risorse, andiamo a incidere sugli edifici esistenti riconoscendo ai Comuni pi\u00f9 in difficolt\u00e0 a causa del peggioramento delle condizioni di vita dei cittadini, la possibilit\u00e0 di intervenire nelle situazioni di maggior necessit\u00e0\u201d, ha spiegato l\u2019esponente della Giunta Sarda.<\/p>\n\n\n\n<p>\u201cPer contrastare il fenomeno della povert\u00e0 e del disagio abitativi serve un forte impegno sulle politiche della casa con procedure di assegnazione degli alloggi snelle, interventi per la realizzazione di nuovi alloggi e la riconversione, manutenzione e ammodernamento del patrimonio esistente con l\u2019obiettivo di migliorare l\u2019accessibilit\u00e0 e la sicurezza di aree in qualche caso periferiche, talvolta degradate. Siamo impegnati su tutte e queste linee d\u2019azione fin dall\u2019inizio della Legislatura, con particolare attenzione ai progetti di rigenerazione urbana portati avanti con i soggetti che operano nel mondo della casa, Area in primis, e con i territori\u201d, ha aggiunto il Presidente della Regione Christian Solinas.<\/p>\n\n\n\n<p>Sono due le linee di finanziamento oggetto di rimodulazione con due differenti delibere \u2013 una per 971mila euro e una per quasi 3 milioni di euro - che su richiesta dei Comuni e di Area andranno a incidere sugli alloggi a disposizione delle famiglie in condizioni svantaggiate. La terza delibera \u00e8 invece incentrata su un intervento considerato improcastinabile che ora, grazie alla proposta di riprogrammazione di risorse pari a 2.624.091 euro (fondi nazionali) a favore dell\u2019intervento di riqualificazione del complesso di edilizia residenziale pubblica situato in Piazza Granatieri di Sardegna a Cagliari, vedr\u00e0 sbloccarsi il primo lotto dei lavori (l\u2019Assessorato dei Lavori Pubblici presenter\u00e0 ora la proposta di riprogrammazione gi\u00e0 approvata dalla Giunta al Ministero delle Infrastrutture e delle Mobilit\u00e0 Sostenibili). Il comune di Cagliari nel valutare le problematiche legate al disagio sociale dovuto all\u2019isolamento del complesso edilizio per via della disposizione urbana degli edifici e le criticit\u00e0 legate alla sicurezza strutturale e all\u2019accessibilit\u00e0 degli edifici, aveva infatti proposto una rimodulazione dell\u2019intervento che prevedesse la demolizione e ricostruzione, secondo standard costruttivi moderni e secondo un nuovo disegno urbano del complesso pi\u00f9 rispondente all\u2019esigenza di apertura del quartiere verso la citt\u00e0.&nbsp;Com<\/p>\n","protected":false},"excerpt":{"rendered":"<p>Cagliari, 23 Apr 2022 \u2013\u00a0Il diritto alla casa come tema centrale dell\u2019agenda politica della Regione, declinato non solo con le misure in favore della prima&#8230;<\/p>\n","protected":false},"author":2,"featured_media":208753,"comment_status":"closed","ping_status":"open","sticky":false,"template":"","format":"standard","meta":[],"categories":[49,52],"tags":[],"_links":{"self":[{"href":"https:\/\/www.cronacaonline.it\/index.php\/wp-json\/wp\/v2\/posts\/220765"}],"collection":[{"href":"https:\/\/www.cronacaonline.it\/index.php\/wp-json\/wp\/v2\/posts"}],"about":[{"href":"https:\/\/www.cronacaonline.it\/index.php\/wp-json\/wp\/v2\/types\/post"}],"author":[{"embeddable":true,"href":"https:\/\/www.cronacaonline.it\/index.php\/wp-json\/wp\/v2\/users\/2"}],"replies":[{"embeddable":true,"href":"https:\/\/www.cronacaonline.it\/index.php\/wp-json\/wp\/v2\/comments?post=220765"}],"version-history":[{"count":1,"href":"https:\/\/www.cronacaonline.it\/index.php\/wp-json\/wp\/v2\/posts\/220765\/revisions"}],"predecessor-version":[{"id":220766,"href":"https:\/\/www.cronacaonline.it\/index.php\/wp-json\/wp\/v2\/posts\/220765\/revisions\/220766"}],"wp:featuredmedia":[{"embeddable":true,"href":"https:\/\/www.cronacaonline.it\/index.php\/wp-json\/wp\/v2\/media\/208753"}],"wp:attachment":[{"href":"https:\/\/www.cronacaonline.it\/index.php\/wp-json\/wp\/v2\/media?parent=220765"}],"wp:term":[{"taxonomy":"category","embeddable":true,"href":"https:\/\/www.cronacaonline.it\/index.php\/wp-json\/wp\/v2\/categories?post=220765"},{"taxonomy":"post_tag","embeddable":true,"href":"https:\/\/www.cronacaonline.it\/index.php\/wp-json\/wp\/v2\/tags?post=220765"}],"curies":[{"name":"wp","href":"https:\/\/api.w.org\/{rel}","templated":true}]}}