{"id":220724,"date":"2022-04-22T14:34:27","date_gmt":"2022-04-22T12:34:27","guid":{"rendered":"https:\/\/www.cronacaonline.it\/?p=220724"},"modified":"2022-04-22T14:34:29","modified_gmt":"2022-04-22T12:34:29","slug":"fiera-nautica-assessore-chessa-per-la-regione-questo-evento-deve-diventare-un-appuntamento-annuale-di-prestigio-con-ricadute-nazionali-e-internazionali","status":"publish","type":"post","link":"https:\/\/www.cronacaonline.it\/index.php\/2022\/04\/22\/fiera-nautica-assessore-chessa-per-la-regione-questo-evento-deve-diventare-un-appuntamento-annuale-di-prestigio-con-ricadute-nazionali-e-internazionali\/","title":{"rendered":"Fiera nautica, Assessore Chessa: \u201cPer la Regione, questo evento deve diventare un appuntamento annuale di prestigio, con ricadute nazionali e internazionali\u201d."},"content":{"rendered":"\n<p>Olbia, 22 aprile 2022 \u2013\u00a0\u201cPer la Regione, questo evento deve diventare un appuntamento annuale di prestigio, con ricadute nazionali e internazionali \u2013 ha affermato in una nota l\u2019assessore regionale del Turismo, Gianni Chessa \u2013 Grazie anche alla presenza dei maggiori protagonisti del settore (aziende regionali, nazionali e internazionali), allo spazio dedicato all\u2019incontro tra domanda e offerta e al coinvolgimento dell'intera filiera nautica, dalla produzione ai servizi, fino alla formazione. Vogliamo far crescere concretamente il turismo nautico in Sardegna, promuovendola come sede ideale per un polo nautico al centro del Mediterraneo, anche in considerazione del fatto che si tratta di un segmento turistico con grossa capacit\u00e0 di spesa e capace di promuovere la nostra immagine ovunque. I cinque giorni della fiera consentiranno di valorizzare anche altri filoni produttivi identitari e di eccellenza della Sardegna, come l\u2019enogastronomia, l\u2019artigianato, la moda. Un'isola turistica sempre pi\u00f9 protagonista, in attesa di una stagione estiva con grandi soddisfazioni\u201d.<\/p>\n\n\n\n<p>\u201cDurante queste giornate saranno affrontate anche le opportunit\u00e0 di espansione del settore in Sardegna, il suo impatto ambientale, con attenzione allo sviluppo ecosostenibile del comparto, ipotizzando progetti formativi per la riqualificazione e nuove professionalit\u00e0 a supporto della nautica\u201d, ha concluso l\u2019assessore Chessa.<\/p>\n\n\n\n<p>\u201cPer la prima volta, anche la Sardegna pu\u00f2 vantare un evento fieristico dedicato alla nautica, settore importante e trainante per l\u2019economia e l\u2019occupazione, ma anche componente di prestigio della filiera del turismo isolano. Era necessario avere un salone regionale di riferimento, che pu\u00f2 innescare processi di sviluppo e di promozione nell'intero territorio regionale, proponendo l'Isola come un'unica destinazione nautica. Olbia \u00e8 la sede ideale per questa iniziativa, infatti la Gallura ospita circa la met\u00e0 dei posti barca dell'intera Isola e nel suo territorio sono attive oltre 60 imprese nei settori della nautica e della cantieristica\u201d. Ha aggiunto il presidente della Regione, Christian Solinas, in occasione dell\u2019inaugurazione della \"Fiera Nautica di Sardegna\", promossa dall'Assessorato regionale del Turismo, Artigianato e Commercio e dal Cipnes Gallura (Consorzio industriale provinciale nord est), che si svolge nel porto turistico di Olbia da oggi fino al 26 aprile. La manifestazione fa parte del progetto \"Sardinia discovery journey\", inserito nel pi\u00f9 ampio programma di marketing regionale \u201cInsula - Sardinia quality world\u201d.<\/p>\n\n\n\n<p>\u201cQuesto evento, atteso da anni, contribuir\u00e0 a valorizzare e sviluppare il comparto dell'industria nautica in Sardegna, oltre che a intercettare il target del turismo nautico e diportistico, gi\u00e0 diffuso nell\u2019Isola, ma che, con un valido supporto fieristico, potr\u00e0 imporsi maggiormente anche a livello internazionale, veicolando la Sardegna nel mondo con immaginabili vantaggi economici\u201d, ha aggiunto il presidente Solinas.<\/p>\n\n\n\n<p>Nella vasta area dell'evento sono presenti oltre 80 stand degli operatori e altrettanti posti barca allestiti lungo le banchine del porto turistico. Nel palco destinato ai dibattiti ci saranno anche alcuni eventi artistici e culturali legati alla tradizione (musica, moda, ballo) e un maxi schermo dove verranno proiettati filmati multitematici sulla \u2018destinazione Sardegna\u2019. Infine, un\u2019area per le attivit\u00e0 di promozione enogastronomica.<\/p>\n\n\n\n<p>Durante la prima giornata, dedicata ad approfondimenti sui temi dell'industria nautica, sono intervenuti anche altri esponenti della Giunta Sarda.<\/p>\n\n\n\n<p>L\u2019assessore regionale dei Lavori pubblici, Aldo Salaris, ha ricordato che \u201cla Regione \u00e8 impegnata nel lavoro di ammodernamento infrastrutturale, con un\u2019attenzione particolare alle infrastrutture strategiche per lo sviluppo futuro della Sardegna, i porti. Il Salone nautico, nel contesto che stiamo definendo, assume un\u2019importanza strategica. Il Piano regionale della rete di portualit\u00e0 turistica, a cui stiamo lavorando, ha come obiettivo il completamento della rete della Sardegna, trasformando cos\u00ec l\u2019Isola in meta privilegiata della navigazione per il diporto, in virt\u00f9 della sua posizione strategica al centro del bacino del Mediterraneo occidentale, del pregio ambientale della costa e dell\u2019entroterra, della qualit\u00e0 delle strutture e dei servizi portuali offerti. Puntiamo a diventare un\u2019eccellenza anche in questo settore\u201d.<\/p>\n\n\n\n<p>\u201cFinalmente, dopo alcuni anni di sacrifici, dovuti alla pandemia, \u00e8 arrivata l'occasione per mettere in vetrina un settore trainante e fondamentale per l'economia della Sardegna \u2013 ha sottolineato l'assessore regionale del Bilancio, Giuseppe Fasolino \u2013&nbsp;Programmando gli investimenti, affinch\u00e9 siano una leva economica, la Regione deve tener conto del mercato. Quello nautico \u00e8 un settore che merita attenzione perch\u00e9 pu\u00f2 produrre risultati concreti sotto il profilo occupazionale a vantaggio dell'intera economia isolana\u201d.<\/p>\n\n\n\n<p>\u00c8 intervenuta anche l\u2019assessore regionale del Lavoro, Alessandra Zedda, che ha evidenziato come la nautica rappresenti \"un'eccellenza dell'economia isolana, perci\u00f2 la Regione, che vuole essere vicina al mondo produttivo, si sta attivando per creare migliori condizioni e rimuovere gli ostacoli che rallentano lo sviluppo. Anche con le politiche attive del lavoro, in particolare quelle della formazione, senza trascurare quelle specifiche nel settore dell'economia del mare\". Com<\/p>\n","protected":false},"excerpt":{"rendered":"<p>Olbia, 22 aprile 2022 \u2013\u00a0\u201cPer la Regione, questo evento deve diventare un appuntamento annuale di prestigio, con ricadute nazionali e internazionali \u2013 ha affermato in&#8230;<\/p>\n","protected":false},"author":2,"featured_media":220725,"comment_status":"closed","ping_status":"open","sticky":false,"template":"","format":"standard","meta":[],"categories":[49,52],"tags":[],"_links":{"self":[{"href":"https:\/\/www.cronacaonline.it\/index.php\/wp-json\/wp\/v2\/posts\/220724"}],"collection":[{"href":"https:\/\/www.cronacaonline.it\/index.php\/wp-json\/wp\/v2\/posts"}],"about":[{"href":"https:\/\/www.cronacaonline.it\/index.php\/wp-json\/wp\/v2\/types\/post"}],"author":[{"embeddable":true,"href":"https:\/\/www.cronacaonline.it\/index.php\/wp-json\/wp\/v2\/users\/2"}],"replies":[{"embeddable":true,"href":"https:\/\/www.cronacaonline.it\/index.php\/wp-json\/wp\/v2\/comments?post=220724"}],"version-history":[{"count":1,"href":"https:\/\/www.cronacaonline.it\/index.php\/wp-json\/wp\/v2\/posts\/220724\/revisions"}],"predecessor-version":[{"id":220726,"href":"https:\/\/www.cronacaonline.it\/index.php\/wp-json\/wp\/v2\/posts\/220724\/revisions\/220726"}],"wp:featuredmedia":[{"embeddable":true,"href":"https:\/\/www.cronacaonline.it\/index.php\/wp-json\/wp\/v2\/media\/220725"}],"wp:attachment":[{"href":"https:\/\/www.cronacaonline.it\/index.php\/wp-json\/wp\/v2\/media?parent=220724"}],"wp:term":[{"taxonomy":"category","embeddable":true,"href":"https:\/\/www.cronacaonline.it\/index.php\/wp-json\/wp\/v2\/categories?post=220724"},{"taxonomy":"post_tag","embeddable":true,"href":"https:\/\/www.cronacaonline.it\/index.php\/wp-json\/wp\/v2\/tags?post=220724"}],"curies":[{"name":"wp","href":"https:\/\/api.w.org\/{rel}","templated":true}]}}