{"id":220696,"date":"2022-04-21T17:31:55","date_gmt":"2022-04-21T15:31:55","guid":{"rendered":"https:\/\/www.cronacaonline.it\/?p=220696"},"modified":"2022-04-21T17:31:57","modified_gmt":"2022-04-21T15:31:57","slug":"ambiente-assessore-lampis-300mila-euro-per-progetti-di-educazione-allo-sviluppo-sostenibile","status":"publish","type":"post","link":"https:\/\/www.cronacaonline.it\/index.php\/2022\/04\/21\/ambiente-assessore-lampis-300mila-euro-per-progetti-di-educazione-allo-sviluppo-sostenibile\/","title":{"rendered":"Ambiente, assessore Lampis: \u2018300mila euro per progetti di educazione allo sviluppo sostenibile\u2019."},"content":{"rendered":"\n<p>Cagliari, 21 Apr 2022\u00a0\u2013 \u201cVogliamo valorizzare la progettualit\u00e0 dei Ceas (Centri di educazione all'ambiente e alla sostenibilit\u00e0) e confidiamo nelle loro capacit\u00e0 di innovazione, sia in merito ai contenuti che alle metodologie utilizzate, nell\u2019educare allo sviluppo sostenibile con iniziative destinate alla scuola, al mondo produttivo, agli amministratori, ai turisti e alla cittadinanza in generale. I percorsi educativi dovranno prevedere il coinvolgimento contemporaneo di fasce di popolazione di et\u00e0 diversa, avendo come obiettivo l\u2019educazione permanente\u201c.<\/p>\n\n\n\n<p>Lo ha detto l\u2019assessore regionale della Difesa dell\u2019ambiente, Gianni Lampis, annunciando la pubblicazione, sul&nbsp;sito istituzionale della Regione, del bando dell\u2019Assessorato per un finanziamento di 300mila euro, riservato&nbsp;agli enti titolari di un Ceas \u2018non accreditato\u2019, per&nbsp;progetti di educazione allo sviluppo sostenibile.<\/p>\n\n\n\n<p>\u201cTra i traguardi previsti nella realizzazione dei progetti, arrestare la deforestazione e aumentare il rimboschimento, fermare la distruzione della biodiversit\u00e0 e proteggere le specie a rischio di estinzione, porre fine al bracconaggio e al commercio del legname protetto \u2013 ha aggiunto l\u2019assessore Lampis \u2013 Le azioni dovranno avere finalit\u00e0 educativo-formativa e non meramente informativa, legame col contesto culturale\/territoriale di riferimento, capacit\u00e0 di affrontare le diverse dimensioni dello \u2018sviluppo sostenibile\u2019, integrazione tra capacit\u00e0 e competenze diverse, partecipazione e collaborazione attiva tra diversi attori (istituzioni, privati, societ\u00e0 civile, associazioni, scuole, comunit\u00e0 locale) e presenza di meccanismi e criteri di valutazione e monitoraggio dell\u2019iniziativa sotto il profilo quantitativo\/qualitativo\u201d.<\/p>\n\n\n\n<p>Gli enti locali e gli altri enti pubblici titolari di un Ceas \u2018non accreditato\u2019 possono presentare domanda per il finanziamento di un&nbsp;progetto, che non potr\u00e0 superare la durata di 12 mesi dalla data di avvio,&nbsp;e le proposte dovranno riferirsi all'Obiettivo 15 dell'Agenda 2030 (\u201cVita sulla terra\u201d), secondo la declinazione dello stesso obiettivo formulata nella \u2018Strategia regionale dello Sviluppo sostenibile\u2019, limitatamente al tema strategico \"Sardegna + verde\". L'importo massimo del finanziamento regionale per ciascun progetto \u00e8 di 15mila euro e potr\u00e0 coprire totalmente le spese ammissibili. Le&nbsp;domande&nbsp;dovranno essere trasmesse&nbsp;entro il 30 maggio 2022, via pec, all'indirizzo:&nbsp;<a href=\"javascript:webmail.View.mailto(%7bmailto:'difesa.ambiente@pec.regione.sardegna.it',%20subject:%20''%7d)\">difesa.ambiente@pec.regione.sardegna.it<\/a>. Com<\/p>\n","protected":false},"excerpt":{"rendered":"<p>Cagliari, 21 Apr 2022\u00a0\u2013 \u201cVogliamo valorizzare la progettualit\u00e0 dei Ceas (Centri di educazione all&#8217;ambiente e alla sostenibilit\u00e0) e confidiamo nelle loro capacit\u00e0 di innovazione, sia&#8230;<\/p>\n","protected":false},"author":2,"featured_media":218421,"comment_status":"closed","ping_status":"open","sticky":false,"template":"","format":"standard","meta":[],"categories":[49,52],"tags":[],"_links":{"self":[{"href":"https:\/\/www.cronacaonline.it\/index.php\/wp-json\/wp\/v2\/posts\/220696"}],"collection":[{"href":"https:\/\/www.cronacaonline.it\/index.php\/wp-json\/wp\/v2\/posts"}],"about":[{"href":"https:\/\/www.cronacaonline.it\/index.php\/wp-json\/wp\/v2\/types\/post"}],"author":[{"embeddable":true,"href":"https:\/\/www.cronacaonline.it\/index.php\/wp-json\/wp\/v2\/users\/2"}],"replies":[{"embeddable":true,"href":"https:\/\/www.cronacaonline.it\/index.php\/wp-json\/wp\/v2\/comments?post=220696"}],"version-history":[{"count":1,"href":"https:\/\/www.cronacaonline.it\/index.php\/wp-json\/wp\/v2\/posts\/220696\/revisions"}],"predecessor-version":[{"id":220697,"href":"https:\/\/www.cronacaonline.it\/index.php\/wp-json\/wp\/v2\/posts\/220696\/revisions\/220697"}],"wp:featuredmedia":[{"embeddable":true,"href":"https:\/\/www.cronacaonline.it\/index.php\/wp-json\/wp\/v2\/media\/218421"}],"wp:attachment":[{"href":"https:\/\/www.cronacaonline.it\/index.php\/wp-json\/wp\/v2\/media?parent=220696"}],"wp:term":[{"taxonomy":"category","embeddable":true,"href":"https:\/\/www.cronacaonline.it\/index.php\/wp-json\/wp\/v2\/categories?post=220696"},{"taxonomy":"post_tag","embeddable":true,"href":"https:\/\/www.cronacaonline.it\/index.php\/wp-json\/wp\/v2\/tags?post=220696"}],"curies":[{"name":"wp","href":"https:\/\/api.w.org\/{rel}","templated":true}]}}