{"id":220693,"date":"2022-04-21T16:10:53","date_gmt":"2022-04-21T14:10:53","guid":{"rendered":"https:\/\/www.cronacaonline.it\/?p=220693"},"modified":"2022-04-21T16:10:55","modified_gmt":"2022-04-21T14:10:55","slug":"nuove-regole-sanitarie-sulle-produzioni-suinicole-lassessore-nieddu-importante-opportunita-per-il-comparto-ora-pero-stop-alle-restrizioni","status":"publish","type":"post","link":"https:\/\/www.cronacaonline.it\/index.php\/2022\/04\/21\/nuove-regole-sanitarie-sulle-produzioni-suinicole-lassessore-nieddu-importante-opportunita-per-il-comparto-ora-pero-stop-alle-restrizioni\/","title":{"rendered":"Nuove regole sanitarie sulle produzioni suinicole. L&#8217;assessore Nieddu: \u201cimportante opportunit\u00e0 per il comparto. Ora per\u00f2 stop alle restrizioni\u201d."},"content":{"rendered":"\n<p>Seulo (Nu), 21 Apr 2022 - Le nuove opportunit\u00e0 per il comparto suinicolo, alla luce delle nuove regole sanitarie nell'ambito della trasformazione delle carni in prodotti finiti, sono state al centro di un convegno promosso dall'assessorato regionale della Sanit\u00e0, Istituto Zooprofilattico della Sardegna, Asl 8 e dal Comune di Seulo, che ha ospitato l'incontro a cui hanno preso parte cittadini e allevatori.<\/p>\n\n\n\n<p>\"Nel solco delle deroghe previste dal regolamento europeo, abbiamo tracciato un percorso - dichiara l'assessore regionale della Sanit\u00e0, Mario Nieddu - che consente direttamente agli allevatori di trasformare le carni suine in prodotti come prosciutti e insaccati e di commercializzarli all'interno del territorio regionale, grazie a procedure semplificate\".<\/p>\n\n\n\n<p>Le deroghe, previste nel regolamento europeo e recepite a livello regionale, consentono agli allevatori la trasformazione e la stagionatura dei salumi in ambito domestico, nella propria abitazione. Prevista una semplice comunicazione alle autorit\u00e0 sanitarie, preposte ai controlli, che certifichi l'idoneit\u00e0 dei locali in cui avviene la lavorazione, per cui non sar\u00e0 necessario un cambio di destinazione d'uso. I suinicoltori potranno trasformare soltanto i capi allevati e restano ferme tutte le altre regole e obblighi a garanzia della sicurezza, della qualit\u00e0 e della tracciabilit\u00e0 del prodotto.<\/p>\n\n\n\n<p>\"Il comparto suinicolo sardo - prosegue l'assessore - ha un potenziale enorme per qualit\u00e0 e tradizione. Certamente l'obiettivo \u00e8 quello della rimozione dell'embargo imposto dall'Europa a causa della peste suina africana. Dalle autorit\u00e0 europee attendiamo ancora risposte in merito all'ultimo audit, che ha avuto un esito positivo perch\u00e9 abbiamo lavorato per superare tutte le criticit\u00e0 rilevate in passato, in particolare sul tracciamento del brado e il monitoraggio dei cinghiali\".<\/p>\n\n\n\n<p>\"Ritengo che sia un segnale importante per tutto il comparto - prosegue l'assessore - che l'incontro di oggi si sia svolto a Seulo, uno dei territori che pi\u00f9 di tutti ha collaborato attivamente per l'eradicazione della Peste suina\".<\/p>\n\n\n\n<p>Sulla lotta per l'eradicazione della Psa l'assessore promuove il lavoro svolto dall'Unit\u00e0 di progetto, in particolare negli ultimi mesi: \"Nel nuovo programma sono state ridotte le incombenze relative ai controlli sulle aziende certificate ed \u00e8 stata favorita al massimo l'emersione degli allevamenti irregolari. Il confronto con le attivit\u00e0 produttive e la Regione \u00e8 sempre aperto. Abbiamo soddisfatto tutte le richieste dell'Europa, non senza sacrifici. Ci aspettiamo che questo ultimo miglio verso la fine delle restrizioni venga percorso e porti rapidamente allo stop di un embargo che dura ormai da troppo tempo\", conclude l'esponente della Giunta Sarda. Com<\/p>\n","protected":false},"excerpt":{"rendered":"<p>Seulo (Nu), 21 Apr 2022 &#8211; Le nuove opportunit\u00e0 per il comparto suinicolo, alla luce delle nuove regole sanitarie nell&#8217;ambito della trasformazione delle carni in&#8230;<\/p>\n","protected":false},"author":2,"featured_media":220694,"comment_status":"closed","ping_status":"open","sticky":false,"template":"","format":"standard","meta":[],"categories":[49,52],"tags":[],"_links":{"self":[{"href":"https:\/\/www.cronacaonline.it\/index.php\/wp-json\/wp\/v2\/posts\/220693"}],"collection":[{"href":"https:\/\/www.cronacaonline.it\/index.php\/wp-json\/wp\/v2\/posts"}],"about":[{"href":"https:\/\/www.cronacaonline.it\/index.php\/wp-json\/wp\/v2\/types\/post"}],"author":[{"embeddable":true,"href":"https:\/\/www.cronacaonline.it\/index.php\/wp-json\/wp\/v2\/users\/2"}],"replies":[{"embeddable":true,"href":"https:\/\/www.cronacaonline.it\/index.php\/wp-json\/wp\/v2\/comments?post=220693"}],"version-history":[{"count":1,"href":"https:\/\/www.cronacaonline.it\/index.php\/wp-json\/wp\/v2\/posts\/220693\/revisions"}],"predecessor-version":[{"id":220695,"href":"https:\/\/www.cronacaonline.it\/index.php\/wp-json\/wp\/v2\/posts\/220693\/revisions\/220695"}],"wp:featuredmedia":[{"embeddable":true,"href":"https:\/\/www.cronacaonline.it\/index.php\/wp-json\/wp\/v2\/media\/220694"}],"wp:attachment":[{"href":"https:\/\/www.cronacaonline.it\/index.php\/wp-json\/wp\/v2\/media?parent=220693"}],"wp:term":[{"taxonomy":"category","embeddable":true,"href":"https:\/\/www.cronacaonline.it\/index.php\/wp-json\/wp\/v2\/categories?post=220693"},{"taxonomy":"post_tag","embeddable":true,"href":"https:\/\/www.cronacaonline.it\/index.php\/wp-json\/wp\/v2\/tags?post=220693"}],"curies":[{"name":"wp","href":"https:\/\/api.w.org\/{rel}","templated":true}]}}