{"id":220681,"date":"2022-04-21T15:14:12","date_gmt":"2022-04-21T13:14:12","guid":{"rendered":"https:\/\/www.cronacaonline.it\/?p=220681"},"modified":"2022-04-21T15:14:15","modified_gmt":"2022-04-21T13:14:15","slug":"programmazione-territoriale-assessore-fasolino-150-milioni-per-lo-sviluppo-premi-ai-territori-piu-virtuosi-e-sostegno-per-quelli-in-difficolta","status":"publish","type":"post","link":"https:\/\/www.cronacaonline.it\/index.php\/2022\/04\/21\/programmazione-territoriale-assessore-fasolino-150-milioni-per-lo-sviluppo-premi-ai-territori-piu-virtuosi-e-sostegno-per-quelli-in-difficolta\/","title":{"rendered":"Programmazione territoriale, Assessore Fasolino: 150 milioni per lo sviluppo. Premi ai territori pi\u00f9 virtuosi e sostegno per quelli in difficolt\u00e0."},"content":{"rendered":"\n<p>Tempio (SS), 21 Apr 2022 \u2013\u00a0La Regione premia le Unioni dei Comuni virtuosi nei progetti di sviluppo territoriale in base alla logica \u201cchi pi\u00f9 velocemente spende, pi\u00f9 (e meglio) pu\u00f2 investire\u201d. Le risorse aggiuntive previste nell\u2019ambito della Programmazione territoriale verranno assegnate agli Enti che hanno partecipato al bando per l\u2019ottimizzazione e sono parte dei 150 milioni di fondi regionali complessivi messi a disposizione dalla Regione con l\u2019ultima Legge di stabilit\u00e0.<\/p>\n\n\n\n<p>\u201cL\u2019obiettivo del processo di ottimizzazione della Programmazione territoriale \u00e8 quello di sostenere lo sviluppo delle proposte progettuali che consentiranno il completamento di interventi utili per combattere lo spopolamento e l\u2019isolamento dei territori, aiutando i Comuni a poterle realizzare e sostenendoli anche nella nuova fase di programmazione, su cui gi\u00e0 \u00e8 focalizzata la nostra attenzione\u201d, ha spiegato l\u2019Assessore della Programmazione e Bilancio, Giuseppe Fasolino, che questa mattina a Tempio ha aperto il primo dei due tavoli previsti in giornata sul percorso di co-progettazione, alla presenza del partenariato istituzionale ed economico sociale. \u201cAbbiamo rafforzato la stagione della collaborazione con gli Enti locali - ha proseguito l\u2019esponente della Giunta Sarda - portando avanti un approccio territoriale integrato, rilanciando la co-progettazione negoziale con i territori quale metodo per la definizione delle politiche di sviluppo locale in Sardegna\u201d.<\/p>\n\n\n\n<p>\u201c\u00c8 cominciata una nuova fase per lo sviluppo dei territori, fatta di investimenti e realizzazione di opere strategiche capaci di incidere realmente sullo spopolamento e sull\u2019isolamento dei territori. Anche attraverso la leva della programmazione territoriale, la Regione dimostra ancora una volta di essere il primo alleato della Sardegna e&nbsp;dei sardi\u201d, ha aggiunto il Presidente della Regione Christian Solinas. Com<\/p>\n","protected":false},"excerpt":{"rendered":"<p>Tempio (SS), 21 Apr 2022 \u2013\u00a0La Regione premia le Unioni dei Comuni virtuosi nei progetti di sviluppo territoriale in base alla logica \u201cchi pi\u00f9 velocemente&#8230;<\/p>\n","protected":false},"author":2,"featured_media":220682,"comment_status":"closed","ping_status":"open","sticky":false,"template":"","format":"standard","meta":[],"categories":[49,52],"tags":[],"_links":{"self":[{"href":"https:\/\/www.cronacaonline.it\/index.php\/wp-json\/wp\/v2\/posts\/220681"}],"collection":[{"href":"https:\/\/www.cronacaonline.it\/index.php\/wp-json\/wp\/v2\/posts"}],"about":[{"href":"https:\/\/www.cronacaonline.it\/index.php\/wp-json\/wp\/v2\/types\/post"}],"author":[{"embeddable":true,"href":"https:\/\/www.cronacaonline.it\/index.php\/wp-json\/wp\/v2\/users\/2"}],"replies":[{"embeddable":true,"href":"https:\/\/www.cronacaonline.it\/index.php\/wp-json\/wp\/v2\/comments?post=220681"}],"version-history":[{"count":1,"href":"https:\/\/www.cronacaonline.it\/index.php\/wp-json\/wp\/v2\/posts\/220681\/revisions"}],"predecessor-version":[{"id":220684,"href":"https:\/\/www.cronacaonline.it\/index.php\/wp-json\/wp\/v2\/posts\/220681\/revisions\/220684"}],"wp:featuredmedia":[{"embeddable":true,"href":"https:\/\/www.cronacaonline.it\/index.php\/wp-json\/wp\/v2\/media\/220682"}],"wp:attachment":[{"href":"https:\/\/www.cronacaonline.it\/index.php\/wp-json\/wp\/v2\/media?parent=220681"}],"wp:term":[{"taxonomy":"category","embeddable":true,"href":"https:\/\/www.cronacaonline.it\/index.php\/wp-json\/wp\/v2\/categories?post=220681"},{"taxonomy":"post_tag","embeddable":true,"href":"https:\/\/www.cronacaonline.it\/index.php\/wp-json\/wp\/v2\/tags?post=220681"}],"curies":[{"name":"wp","href":"https:\/\/api.w.org\/{rel}","templated":true}]}}