{"id":220628,"date":"2022-04-20T13:32:08","date_gmt":"2022-04-20T11:32:08","guid":{"rendered":"https:\/\/www.cronacaonline.it\/?p=220628"},"modified":"2022-04-20T13:32:10","modified_gmt":"2022-04-20T11:32:10","slug":"ambiente-assessore-lampis-altri-2-milioni-per-il-2022-cosi-da-completare-il-quadro-gia-avviato-con-ulteriori-interventi-strutturali-di-difesa-del-suolo-in-ambito-litoraneo","status":"publish","type":"post","link":"https:\/\/www.cronacaonline.it\/index.php\/2022\/04\/20\/ambiente-assessore-lampis-altri-2-milioni-per-il-2022-cosi-da-completare-il-quadro-gia-avviato-con-ulteriori-interventi-strutturali-di-difesa-del-suolo-in-ambito-litoraneo\/","title":{"rendered":"Ambiente, Assessore Lampis:  \u201caltri 2 milioni per il 2022, cos\u00ec da completare il quadro, gi\u00e0 avviato, con ulteriori interventi strutturali di difesa del suolo in ambito litoraneo\u201d."},"content":{"rendered":"\n<p>Cagliari, 20 Apr 2022\u00a0\u2013 \u201cNell\u2019ambito degli interventi di difesa dei litorali e di contrasto all\u2019erosione costiera, oltre ai 6 milioni di euro per il triennio 2021-2023 gi\u00e0 programmati, la Regione ha stanziato altri 2 milioni per il 2022, cos\u00ec da completare il quadro, gi\u00e0 avviato, con ulteriori interventi strutturali di difesa del suolo in ambito litoraneo, messa in sicurezza, mitigazione e prevenzione del rischio idrogeologico. Misure che hanno un riflesso positivo anche sulle ipotesi di rischio a cui \u00e8 esposta la popolazione, essendo beni di fruizione pubblica\u201d. \u201cSi tratta di interventi di riqualificazione ambientale a salvaguardia dell\u2019erosione costiera, soprattutto nei territori, anche contigui, dove sussistono situazioni di criticit\u00e0 \u2013 ha affermato l'assessore regionale della Difesa dell\u2019ambiente, Gianni Lampis \u2013 L\u2019obiettivo degli interventi \u00e8 quello di difesa nel territorio per preservare e salvaguardare il bene costiero e quindi permettere, in ambiti di pregio ambientale, il perseguimento degli obiettivi di sviluppo sostenibile, che riguardano, tra gli altri, anche la lotta ai cambiamenti climatici\u201d.<\/p>\n\n\n\n<p>Il presidente della Regione, Christian Solinas ha poi aggiunto, annunciando la programmazione di queste ulteriori risorse a favore delle Amministrazioni comunali, provinciali e metropolitane, che abbiano disponibile una progettazione definitiva o esecutiva, tale da garantire l\u2019appalto e affidamento dei lavori entro l\u2019anno e che siano eseguibili e ultimabili entro il 2023.<br>\u201cSi tratta di interventi di riqualificazione ambientale a salvaguardia dell\u2019erosione costiera, soprattutto nei territori, anche contigui, dove sussistono situazioni di criticit\u00e0 \u2013 ha affermato l'assessore regionale della Difesa dell\u2019ambiente, Gianni Lampis \u2013 L\u2019obiettivo degli interventi \u00e8 quello di difesa nel territorio per preservare e salvaguardare il bene costiero e quindi permettere, in ambiti di pregio ambientale, il perseguimento degli obiettivi di sviluppo sostenibile, che riguardano, tra gli altri, anche la lotta ai cambiamenti climatici\u201d.<br>L\u2019Ente locale dovr\u00e0 inviare la richiesta al servizio Tutela della natura e politiche forestali dell\u2019Assessorato regionale della Difesa dell\u2019ambiente tramite pec all'indirizzo&nbsp;<a href=\"javascript:webmail.View.mailto(%7bmailto:'difesa.ambiente%40pec.regione.sardegna.it',%20subject:%20''%7d)\">difesa.ambiente@pec.regione.sardegna.it<\/a>, entro il decimo giorno di pubblicazione dell\u2019Avviso sul sito istituzionale della Regione. La richiesta dovr\u00e0 essere accompagnata dalla copia della relazione del progetto, del relativo computo metrico estimativo, del quadro economico e dei pareri\/autorizzazioni acquisiti.<\/p>\n","protected":false},"excerpt":{"rendered":"<p>Cagliari, 20 Apr 2022\u00a0\u2013 \u201cNell\u2019ambito degli interventi di difesa dei litorali e di contrasto all\u2019erosione costiera, oltre ai 6 milioni di euro per il triennio&#8230;<\/p>\n","protected":false},"author":2,"featured_media":218421,"comment_status":"closed","ping_status":"open","sticky":false,"template":"","format":"standard","meta":[],"categories":[49,52],"tags":[],"_links":{"self":[{"href":"https:\/\/www.cronacaonline.it\/index.php\/wp-json\/wp\/v2\/posts\/220628"}],"collection":[{"href":"https:\/\/www.cronacaonline.it\/index.php\/wp-json\/wp\/v2\/posts"}],"about":[{"href":"https:\/\/www.cronacaonline.it\/index.php\/wp-json\/wp\/v2\/types\/post"}],"author":[{"embeddable":true,"href":"https:\/\/www.cronacaonline.it\/index.php\/wp-json\/wp\/v2\/users\/2"}],"replies":[{"embeddable":true,"href":"https:\/\/www.cronacaonline.it\/index.php\/wp-json\/wp\/v2\/comments?post=220628"}],"version-history":[{"count":1,"href":"https:\/\/www.cronacaonline.it\/index.php\/wp-json\/wp\/v2\/posts\/220628\/revisions"}],"predecessor-version":[{"id":220629,"href":"https:\/\/www.cronacaonline.it\/index.php\/wp-json\/wp\/v2\/posts\/220628\/revisions\/220629"}],"wp:featuredmedia":[{"embeddable":true,"href":"https:\/\/www.cronacaonline.it\/index.php\/wp-json\/wp\/v2\/media\/218421"}],"wp:attachment":[{"href":"https:\/\/www.cronacaonline.it\/index.php\/wp-json\/wp\/v2\/media?parent=220628"}],"wp:term":[{"taxonomy":"category","embeddable":true,"href":"https:\/\/www.cronacaonline.it\/index.php\/wp-json\/wp\/v2\/categories?post=220628"},{"taxonomy":"post_tag","embeddable":true,"href":"https:\/\/www.cronacaonline.it\/index.php\/wp-json\/wp\/v2\/tags?post=220628"}],"curies":[{"name":"wp","href":"https:\/\/api.w.org\/{rel}","templated":true}]}}