{"id":220588,"date":"2022-04-19T17:09:39","date_gmt":"2022-04-19T15:09:39","guid":{"rendered":"https:\/\/www.cronacaonline.it\/?p=220588"},"modified":"2022-04-19T17:09:41","modified_gmt":"2022-04-19T15:09:41","slug":"consiglio-sardegna-commissioni-il-calendario-della-settimana-17","status":"publish","type":"post","link":"https:\/\/www.cronacaonline.it\/index.php\/2022\/04\/19\/consiglio-sardegna-commissioni-il-calendario-della-settimana-17\/","title":{"rendered":"Consiglio Sardegna &#8211; Commissioni: il calendario della settimana."},"content":{"rendered":"\n<p>Cagliari, 19 Apr 2022 \u2013 Per questa settimana l\u2019attivit\u00e0 delle commissioni permanenti riguarda la quinta (Attivit\u00e0 produttive) e la quarta (Governo del territorio).<\/p>\n\n\n\n<p>La commissione Attivit\u00e0 produttive, presieduta da Piero Maieli (Psd\u2019Az) si riunir\u00e0 gioved\u00ec 21 aprile alle 10.30. All\u2019ordine del giorno le audizioni dell\u2019assessore del Turismo Gianni Chessa sul parere 171 (Ulteriori interventi a favore degli operatori del settore feste e sagre), del Sindaco di Villacidro sul programma di gare ippiche del 2022 e la situazione del comparto, e del direttivo Cisav sulle problematiche delle agenzie di viaggio.<\/p>\n\n\n\n<p>Sul tavolo ella commissione anche numerose proposte di legge: 293 (Mura e pi\u00f9-Valorizzazione della Vernaccia), 170 (Sechi e pi\u00f9-Valorizzazione e commercializzazione dei funghi epigei), 305 (Maieli e pi\u00f9-Disciplina dell\u2019oleoturismo in Sardegna), 168 (Maieli e pi\u00f9-Raccolta e coltivazione dei tartufi) e 133 (Talanas e pi\u00f9-Interventi urgenti sulle Pmi regionali attraverso agevolazioni per il trasporto delle materia prime a favore di aziende agricole artigiane e piccoli commercianti).<\/p>\n\n\n\n<p>Sempre gioved\u00ec ma alle 16.00 \u00e8 in programma la seduta della commissione Governo del territorio, presieduta da Giuseppe Talanas (Forza Italia), per l\u2019esame del Testo unificato in materia di edilizia residenziale pubblica. Se necessario i lavori proseguiranno venerd\u00ec mattina alle 10.00. Com<\/p>\n","protected":false},"excerpt":{"rendered":"<p>Cagliari, 19 Apr 2022 \u2013 Per questa settimana l\u2019attivit\u00e0 delle commissioni permanenti riguarda la quinta (Attivit\u00e0 produttive) e la quarta (Governo del territorio). La commissione&#8230;<\/p>\n","protected":false},"author":2,"featured_media":192513,"comment_status":"closed","ping_status":"open","sticky":false,"template":"","format":"standard","meta":[],"categories":[49,52],"tags":[],"_links":{"self":[{"href":"https:\/\/www.cronacaonline.it\/index.php\/wp-json\/wp\/v2\/posts\/220588"}],"collection":[{"href":"https:\/\/www.cronacaonline.it\/index.php\/wp-json\/wp\/v2\/posts"}],"about":[{"href":"https:\/\/www.cronacaonline.it\/index.php\/wp-json\/wp\/v2\/types\/post"}],"author":[{"embeddable":true,"href":"https:\/\/www.cronacaonline.it\/index.php\/wp-json\/wp\/v2\/users\/2"}],"replies":[{"embeddable":true,"href":"https:\/\/www.cronacaonline.it\/index.php\/wp-json\/wp\/v2\/comments?post=220588"}],"version-history":[{"count":1,"href":"https:\/\/www.cronacaonline.it\/index.php\/wp-json\/wp\/v2\/posts\/220588\/revisions"}],"predecessor-version":[{"id":220589,"href":"https:\/\/www.cronacaonline.it\/index.php\/wp-json\/wp\/v2\/posts\/220588\/revisions\/220589"}],"wp:featuredmedia":[{"embeddable":true,"href":"https:\/\/www.cronacaonline.it\/index.php\/wp-json\/wp\/v2\/media\/192513"}],"wp:attachment":[{"href":"https:\/\/www.cronacaonline.it\/index.php\/wp-json\/wp\/v2\/media?parent=220588"}],"wp:term":[{"taxonomy":"category","embeddable":true,"href":"https:\/\/www.cronacaonline.it\/index.php\/wp-json\/wp\/v2\/categories?post=220588"},{"taxonomy":"post_tag","embeddable":true,"href":"https:\/\/www.cronacaonline.it\/index.php\/wp-json\/wp\/v2\/tags?post=220588"}],"curies":[{"name":"wp","href":"https:\/\/api.w.org\/{rel}","templated":true}]}}