{"id":220581,"date":"2022-04-19T15:35:38","date_gmt":"2022-04-19T13:35:38","guid":{"rendered":"https:\/\/www.cronacaonline.it\/?p=220581"},"modified":"2022-04-19T15:35:41","modified_gmt":"2022-04-19T13:35:41","slug":"regione-piu-trasparente-grazie-al-nuovo-sistema-per-le-consultazioni-pubbliche-il-presidente-solinas-verso-unamministrazione-piu-partecipativa-che-accoglie-le-osservazioni-dei-citt","status":"publish","type":"post","link":"https:\/\/www.cronacaonline.it\/index.php\/2022\/04\/19\/regione-piu-trasparente-grazie-al-nuovo-sistema-per-le-consultazioni-pubbliche-il-presidente-solinas-verso-unamministrazione-piu-partecipativa-che-accoglie-le-osservazioni-dei-citt\/","title":{"rendered":"Regione pi\u00f9 trasparente grazie al nuovo sistema per le consultazioni pubbliche. Il presidente Solinas: \u201cverso un\u2019amministrazione pi\u00f9 partecipativa che accoglie le osservazioni dei cittadini sardi\u201d."},"content":{"rendered":"\n<p>Cagliari, 19 Apr 2022\u00a0\u2013 I cittadini sardi potranno partecipare alla vita pubblica grazie al nuovo sistema per le consultazioni pubbliche. Trasparenza e condivisione, a cui si aggiunge una importante spinta verso la dematerializzazione, sono le linee d\u2019azione del nuovo canale di scambio attraverso cui la Regione acquisir\u00e0 e potr\u00e0 recepire suggerimenti e contributi sulle azioni programmate e da programmare grazie a una importante evoluzione di carattere tecnico affidata alla societ\u00e0 in house<a rel=\"noreferrer noopener\" href=\"http:\/\/sardegna.it\/\" target=\"_blank\">\u00a0Sardegna.it\u00a0<\/a>che realizzer\u00e0 sul sito istituzionale una finestra ad hoc dedicata proprio al dialogo con i cittadini. La finestra web sar\u00e0 infatti agganciata al nuovo sito istituzionale della Regione che andr\u00e0 online entro l\u2019estate e all\u2019interno del quale saranno consultabili i moduli per le consultazioni pubbliche. I cittadini potranno dire la loro opinione sulle principali riforme in essere, bandi, gare e partecipare attivamente al processo decisionale.<\/p>\n\n\n\n<p>\u201cLa pandemia ha cambiato radicalmente le nostre abitudini&nbsp;&nbsp;e i sistemi di funzionamento e fruizione dei sevizi, con una incisiva accelerazione dal punto di vista digitale \u2013 spiega il Presidente della Regione Christian Solinas \u2013 In questo contesto risulta strategico accelerare il processo di open government per un\u2019amministrazione sempre pi\u00f9 attenta ai bisogni della societ\u00e0, capace di garantire l\u2019accesso alle informazioni e la partecipazione dei cittadini alla vita pubblica, lungo le direttive di promozione dell\u2019apertura e della responsabilit\u00e0 dell\u2019amministrazione regionale\u201d. Il Covid ha infatti indotto non solo le aziende ma anche la Pubblica Amministrazione a rivedere in maniera repentina&nbsp;le modalit\u00e0 di lavoro dei dipendenti per continuare a garantire i servizi trovando quelle soluzioni \u2018da remoto\u2019 che prima del Covid avrebbero rappresentato strade difficilmente percorribili. Uno scenario che oltre al rafforzamento dei servizi digitali chiama in causa anche i modelli partecipativi: da qui l\u2019esigenza di realizzare il nuovo sistema per le consultazioni pubbliche.<\/p>\n\n\n\n<p>Un processo che la Regione ha deciso di accelerare con la delibera approvata dalla Giunta nel corso dell\u2019ultima seduta, stanziando risorse per 370mila euro a valere sui fondi POR- FESR Sardegna 2014-2020, risorse residue e ora utilizzate per il rafforzamento della comunicazione tra cittadini e apparato regionale via web puntando sull\u2019evoluzione (e il superamento) del progetto \u201cPartecipa 2.0\u201d.&nbsp; Com<\/p>\n","protected":false},"excerpt":{"rendered":"<p>Cagliari, 19 Apr 2022\u00a0\u2013 I cittadini sardi potranno partecipare alla vita pubblica grazie al nuovo sistema per le consultazioni pubbliche. Trasparenza e condivisione, a cui&#8230;<\/p>\n","protected":false},"author":2,"featured_media":144907,"comment_status":"closed","ping_status":"open","sticky":false,"template":"","format":"standard","meta":[],"categories":[49,52],"tags":[],"_links":{"self":[{"href":"https:\/\/www.cronacaonline.it\/index.php\/wp-json\/wp\/v2\/posts\/220581"}],"collection":[{"href":"https:\/\/www.cronacaonline.it\/index.php\/wp-json\/wp\/v2\/posts"}],"about":[{"href":"https:\/\/www.cronacaonline.it\/index.php\/wp-json\/wp\/v2\/types\/post"}],"author":[{"embeddable":true,"href":"https:\/\/www.cronacaonline.it\/index.php\/wp-json\/wp\/v2\/users\/2"}],"replies":[{"embeddable":true,"href":"https:\/\/www.cronacaonline.it\/index.php\/wp-json\/wp\/v2\/comments?post=220581"}],"version-history":[{"count":1,"href":"https:\/\/www.cronacaonline.it\/index.php\/wp-json\/wp\/v2\/posts\/220581\/revisions"}],"predecessor-version":[{"id":220582,"href":"https:\/\/www.cronacaonline.it\/index.php\/wp-json\/wp\/v2\/posts\/220581\/revisions\/220582"}],"wp:featuredmedia":[{"embeddable":true,"href":"https:\/\/www.cronacaonline.it\/index.php\/wp-json\/wp\/v2\/media\/144907"}],"wp:attachment":[{"href":"https:\/\/www.cronacaonline.it\/index.php\/wp-json\/wp\/v2\/media?parent=220581"}],"wp:term":[{"taxonomy":"category","embeddable":true,"href":"https:\/\/www.cronacaonline.it\/index.php\/wp-json\/wp\/v2\/categories?post=220581"},{"taxonomy":"post_tag","embeddable":true,"href":"https:\/\/www.cronacaonline.it\/index.php\/wp-json\/wp\/v2\/tags?post=220581"}],"curies":[{"name":"wp","href":"https:\/\/api.w.org\/{rel}","templated":true}]}}