{"id":220579,"date":"2022-04-19T15:31:44","date_gmt":"2022-04-19T13:31:44","guid":{"rendered":"https:\/\/www.cronacaonline.it\/?p=220579"},"modified":"2022-04-19T15:31:47","modified_gmt":"2022-04-19T13:31:47","slug":"turismo-il-presidente-solinas-anche-per-pasqua-la-sardegna-si-conferma-meta-turistica-particolarmente-amata-segnale-incoraggiante-per-la-stagione-estiva","status":"publish","type":"post","link":"https:\/\/www.cronacaonline.it\/index.php\/2022\/04\/19\/turismo-il-presidente-solinas-anche-per-pasqua-la-sardegna-si-conferma-meta-turistica-particolarmente-amata-segnale-incoraggiante-per-la-stagione-estiva\/","title":{"rendered":"Turismo, il presidente Solinas: &#8216;anche per pasqua la Sardegna si conferma meta turistica particolarmente amata, segnale incoraggiante per la stagione estiva&#8217;."},"content":{"rendered":"\n<p>Cagliari,\u00a019 Apr 2022\u00a0\u2013 \"I dati dei flussi turistici verso la Sardegna in occasione delle festivit\u00e0 pasquali rappresentano un segnale incoraggiante per la ripresa di uno dei settori vitali dell'economia isolana. Nonostante le tante difficolt\u00e0, \u00e8 tornata la voglia di viaggiare e l'Isola \u00e8 stata protagonista nelle scelte di coloro che hanno deciso di fare una vacanza, seppur breve, nel fine settimana appena trascorso. La conferma del mercato interno e la sicura ripresa del turismo internazionale, dopo la scorsa estate condizionata dalle restrizioni anti-Covid, fanno confidare in un risultato sicuramente migliore rispetto al 2021, ma addirittura vicino agli ottimi numeri registrati nel 2019 \".<\/p>\n\n\n\n<p>Lo ha detto il presidente della Regione, Christian Solinas, commentando i numeri degli arrivi nell'Isola, in particolare quelli forniti dai tre scali aeroportuali isolani, che hanno sommato oltre 110.000 arrivi tra Cagliari, Olbia e Alghero.<br>\"Grazie ai progetti e agli investimenti della Giunta regionale - ha aggiunto il presidente Solinas - l'offerta turistica sarda si pu\u00f2 proporre in maniera sempre pi\u00f9 competitiva, completando una proposta complessiva che, andando oltre il ricco patrimonio paesaggistico e ambientale, sia caratterizzata anche da segmenti turistici che propongono tradizioni, cultura, storia, archeologia, enogastronomia. L'Isola deve valorizzare le sue peculiarit\u00e0 identitarie e rafforzare il suo forte richiamo nei confronti dei vacanzieri, affermandosi non pi\u00f9 come meta preferita soprattutto per il mare, ma anche come luogo ideale per le vacanze fuori stagione. Solo cos\u00ec il turismo potr\u00e0 diventare definitivamente un pilastro fondamentale della nostra economia\".<\/p>\n\n\n\n<p>\"Le vacanze pasquali sono state le prove generali in vista dell'imminente stagione estiva - ha evidenziato l'assessore regionale del Turismo, Gianni Chessa - Sono fiducioso perch\u00e9 le azioni promozionali fin qui intraprese dalla Regione, comprese le presenze ad alcune fiere dove abbiamo messo in vetrina le nostre offerte, confermano la Sardegna in cima alle preferenze dei turisti, italiani innanzitutto. Sono certo, per\u00f2, che grazie ai numerosi collegamenti aerei dall'estero, oltre 100 su un totale di quasi 200 rotte dai tre scali sardi, nel 2022, il mercato internazionale sar\u00e0 una fetta importante del flusso turistico verso l'Isola. Anche perch\u00e9 siamo sempre pi\u00f9 competitivi anche nel turismo che non \u00e8 esclusivamente balneare\".&nbsp;Com<\/p>\n","protected":false},"excerpt":{"rendered":"<p>Cagliari,\u00a019 Apr 2022\u00a0\u2013 &#8220;I dati dei flussi turistici verso la Sardegna in occasione delle festivit\u00e0 pasquali rappresentano un segnale incoraggiante per la ripresa di uno&#8230;<\/p>\n","protected":false},"author":2,"featured_media":208838,"comment_status":"closed","ping_status":"open","sticky":false,"template":"","format":"standard","meta":[],"categories":[49,52],"tags":[],"_links":{"self":[{"href":"https:\/\/www.cronacaonline.it\/index.php\/wp-json\/wp\/v2\/posts\/220579"}],"collection":[{"href":"https:\/\/www.cronacaonline.it\/index.php\/wp-json\/wp\/v2\/posts"}],"about":[{"href":"https:\/\/www.cronacaonline.it\/index.php\/wp-json\/wp\/v2\/types\/post"}],"author":[{"embeddable":true,"href":"https:\/\/www.cronacaonline.it\/index.php\/wp-json\/wp\/v2\/users\/2"}],"replies":[{"embeddable":true,"href":"https:\/\/www.cronacaonline.it\/index.php\/wp-json\/wp\/v2\/comments?post=220579"}],"version-history":[{"count":1,"href":"https:\/\/www.cronacaonline.it\/index.php\/wp-json\/wp\/v2\/posts\/220579\/revisions"}],"predecessor-version":[{"id":220580,"href":"https:\/\/www.cronacaonline.it\/index.php\/wp-json\/wp\/v2\/posts\/220579\/revisions\/220580"}],"wp:featuredmedia":[{"embeddable":true,"href":"https:\/\/www.cronacaonline.it\/index.php\/wp-json\/wp\/v2\/media\/208838"}],"wp:attachment":[{"href":"https:\/\/www.cronacaonline.it\/index.php\/wp-json\/wp\/v2\/media?parent=220579"}],"wp:term":[{"taxonomy":"category","embeddable":true,"href":"https:\/\/www.cronacaonline.it\/index.php\/wp-json\/wp\/v2\/categories?post=220579"},{"taxonomy":"post_tag","embeddable":true,"href":"https:\/\/www.cronacaonline.it\/index.php\/wp-json\/wp\/v2\/tags?post=220579"}],"curies":[{"name":"wp","href":"https:\/\/api.w.org\/{rel}","templated":true}]}}