{"id":220565,"date":"2022-04-19T11:45:07","date_gmt":"2022-04-19T09:45:07","guid":{"rendered":"https:\/\/www.cronacaonline.it\/?p=220565"},"modified":"2022-04-19T11:45:10","modified_gmt":"2022-04-19T09:45:10","slug":"jure-bucevic-dirige-per-la-prima-volta-il-22-23-aprile-lorchestra-del-teatro-lirico-in-pagine-di-mendelssohn-thomas-e-stravinskij","status":"publish","type":"post","link":"https:\/\/www.cronacaonline.it\/index.php\/2022\/04\/19\/jure-bucevic-dirige-per-la-prima-volta-il-22-23-aprile-lorchestra-del-teatro-lirico-in-pagine-di-mendelssohn-thomas-e-stravinskij\/","title":{"rendered":"Jure Bu\u010devi\u0107 dirige, per la prima volta, il 22-23 aprile, l\u2019Orchestra del Teatro Lirico, in pagine di Mendelssohn, Thomas e Stravinskij"},"content":{"rendered":"\n<p>Cagliari, 19 Apr 2022 - Venerd\u00ec 22 aprile alle 20.30 (turno A) e sabato 23 aprile alle 19 (turno B) \u00e8 in programma il sesto appuntamento della Stagione concertistica 2022 del Teatro Lirico di Cagliari che presenta un altro importante debutto a Cagliari: si tratta di Jure Bu\u010devi\u0107 (Spalato, 1980), violinista e raffinato direttore croato che dirige l\u2019Orchestra del Teatro Lirico in un concerto che propone l\u2019ascolto di tre celebri pagine sinfoniche che diedero da subito fama e successo ai rispettivi compositori: la Sinfonia che Mendelssohn compone nel 1824 a soli 15 anni, Mignon del 1866 e quell\u2019Uccello di fuoco che, nel 1910, trasforma Stravinskij, appena ventottenne, in un grande autore internazionale.<\/p>\n\n\n\n<p>Il programma musicale prevede infatti l\u2019esecuzione di: Prima Sinfonia in do minore op. 11 di Felix Mendelssohn-Bartholdy; Mignon: Ouverture di Ambroise Thomas; L\u2019oiseau de feu: seconda Suite per orchestra n. 4 (versione del 1919) di <a href=\"https:\/\/it.wikipedia.org\/wiki\/Igor'_F\u00ebdorovi\u010d_Stravinskij\">Igor Stravinskij<\/a>.<\/p>\n\n\n\n<p>Lo spettacolo ha una durata complessiva di 1 ora e 15 minuti circa, compreso l\u2019intervallo.<\/p>\n\n\n\n<p>I posti in teatro sono identificati, come sempre, per ordine (platea, prima e seconda loggia) e per settore (giallo, rosso e blu). Ad ogni settore corrisponde un prezzo, secondo il diverso valore dei posti.<\/p>\n\n\n\n<p>Ai giovani under 30 ed ai disabili sono applicate riduzioni del 50% sull\u2019acquisto di abbonamenti e biglietti. Ulteriori agevolazioni sono previste per gruppi organizzati.<\/p>\n\n\n\n<p>\u00c8 consentito l\u2019uso dei voucher (Stagione concertistica 2020 - Stagione lirica e di balletto 2020) per il pagamento dei biglietti (dietro presentazione degli stessi voucher). Si invita ad utilizzare il pagamento elettronico (carte di credito e bancomat), soprattutto per un\u2019eventuale differenza da integrare (se il voucher fosse di importo inferiore al prezzo dell\u2019abbonamento e\/o del biglietto).<\/p>\n\n\n\n<p>La Biglietteria del Teatro Lirico \u00e8 aperta luned\u00ec, marted\u00ec, gioved\u00ec, venerd\u00ec e sabato dalle 9 alle 13, mercoled\u00ec dalle 16 alle 20 e, nei giorni di spettacolo, anche da due ore prima dell\u2019inizio.<\/p>\n\n\n\n<p>Prezzi<\/p>\n\n\n\n<p><strong>Stagione concertistica 2022<\/strong><\/p>\n\n\n\n<figure class=\"wp-block-table\"><table><tbody><tr><td>&nbsp;<\/td><td><strong>turni A, B<\/strong><\/td><\/tr><tr><td>settore<\/td><td>abbonamento 12 spettacoli<\/td><td>biglietto<\/td><\/tr><tr><td>&nbsp;<\/td><td>platea<\/td><\/tr><tr><td>giallo<\/td><td>\u20ac 220,00<\/td><td>\u20ac 35,00<\/td><\/tr><tr><td>rosso<\/td><td>\u20ac 200,00<\/td><td>\u20ac 30,00<\/td><\/tr><tr><td>blu<\/td><td>\u20ac 160,00<\/td><td>\u20ac 25,00<\/td><\/tr><tr><td>&nbsp;<\/td><td>I loggia<\/td><\/tr><tr><td>giallo<\/td><td>\u20ac 185,00<\/td><td>\u20ac 30,00<\/td><\/tr><tr><td>rosso<\/td><td>\u20ac 160,00<\/td><td>\u20ac 25,00<\/td><\/tr><tr><td>blu<\/td><td>\u20ac 120,00<\/td><td>\u20ac 20,00<\/td><\/tr><tr><td>&nbsp;<\/td><td>II loggia<\/td><\/tr><tr><td>giallo<\/td><td>\u20ac 60,00<\/td><td>\u20ac 10,00<\/td><\/tr><tr><td>rosso<\/td><td>\u20ac 60,00<\/td><td>\u20ac 10,00<\/td><\/tr><tr><td>blu<\/td><td>\u20ac 40,00<\/td><td>\u20ac 10,00<\/td><\/tr><tr><td><\/td><td><\/td><td><\/td><td><\/td><\/tr><\/tbody><\/table><\/figure>\n","protected":false},"excerpt":{"rendered":"<p>Cagliari, 19 Apr 2022 &#8211; Venerd\u00ec 22 aprile alle 20.30 (turno A) e sabato 23 aprile alle 19 (turno B) \u00e8 in programma il sesto&#8230;<\/p>\n","protected":false},"author":2,"featured_media":220566,"comment_status":"closed","ping_status":"open","sticky":false,"template":"","format":"standard","meta":[],"categories":[49,54],"tags":[],"_links":{"self":[{"href":"https:\/\/www.cronacaonline.it\/index.php\/wp-json\/wp\/v2\/posts\/220565"}],"collection":[{"href":"https:\/\/www.cronacaonline.it\/index.php\/wp-json\/wp\/v2\/posts"}],"about":[{"href":"https:\/\/www.cronacaonline.it\/index.php\/wp-json\/wp\/v2\/types\/post"}],"author":[{"embeddable":true,"href":"https:\/\/www.cronacaonline.it\/index.php\/wp-json\/wp\/v2\/users\/2"}],"replies":[{"embeddable":true,"href":"https:\/\/www.cronacaonline.it\/index.php\/wp-json\/wp\/v2\/comments?post=220565"}],"version-history":[{"count":1,"href":"https:\/\/www.cronacaonline.it\/index.php\/wp-json\/wp\/v2\/posts\/220565\/revisions"}],"predecessor-version":[{"id":220567,"href":"https:\/\/www.cronacaonline.it\/index.php\/wp-json\/wp\/v2\/posts\/220565\/revisions\/220567"}],"wp:featuredmedia":[{"embeddable":true,"href":"https:\/\/www.cronacaonline.it\/index.php\/wp-json\/wp\/v2\/media\/220566"}],"wp:attachment":[{"href":"https:\/\/www.cronacaonline.it\/index.php\/wp-json\/wp\/v2\/media?parent=220565"}],"wp:term":[{"taxonomy":"category","embeddable":true,"href":"https:\/\/www.cronacaonline.it\/index.php\/wp-json\/wp\/v2\/categories?post=220565"},{"taxonomy":"post_tag","embeddable":true,"href":"https:\/\/www.cronacaonline.it\/index.php\/wp-json\/wp\/v2\/tags?post=220565"}],"curies":[{"name":"wp","href":"https:\/\/api.w.org\/{rel}","templated":true}]}}