{"id":220464,"date":"2022-04-15T16:00:53","date_gmt":"2022-04-15T14:00:53","guid":{"rendered":"https:\/\/www.cronacaonline.it\/?p=220464"},"modified":"2022-04-15T16:00:55","modified_gmt":"2022-04-15T14:00:55","slug":"sanita-assessore-nieddu-subito-18-milioni-di-euro-per-le-assunzioni-di-personale-in-tutta-lisola","status":"publish","type":"post","link":"https:\/\/www.cronacaonline.it\/index.php\/2022\/04\/15\/sanita-assessore-nieddu-subito-18-milioni-di-euro-per-le-assunzioni-di-personale-in-tutta-lisola\/","title":{"rendered":"Sanit\u00e0, Assessore Nieddu: subito 18 milioni di euro per le assunzioni di personale in tutta l\u2019isola."},"content":{"rendered":"\n<p>Cagliari, 15 Apr 2022\u00a0\u2013 La Giunta Sarda, su proposta dell\u2019assessore regionale della Sanit\u00e0, Mario Nieddu, ha approvato la delibera che assegna alle aziende sanitarie regionali un budget di 18 milioni di euro per il potenziamento dei propri organici. Il provvedimento dell\u2019esecutivo regionale interviene nelle more della definizione dei piani triennali del fabbisogno e delle piante organiche da parte delle nuove aziende, operative dal primo gennaio per effetto della riforma, e autorizza in via transitoria Ares, Areus, le otto Asl e le tre aziende ospedaliere dell\u2019Isola all\u2019utilizzo delle risorse per l\u2019assunzione di nuovi medici e personale del comparto.<\/p>\n\n\n\n<p>\u201cIl nostro sistema sanitario, nel suo nuovo assetto, ha davanti a s\u00e9 sfide importanti e ogni nostro sforzo \u00e8 improntato a garantire le condizioni ideali per vincerle tutte. Il potenziamento delle dotazioni organiche \u00e8 il primo fondamentale passo per rilanciare i nostri ospedali e i servizi sul territorio, incidere sulle liste d\u2019attesa e garantire ovunque un livello di cure e assistenza che sia sempre in grado di rispondere con forza ai bisogni dei cittadini\u201d.&nbsp;<\/p>\n\n\n\n<p>\u201cCon il passaggio dall\u2019Ats ad Ares e alle nuove Asl \u2013 dichiara l\u2019assessore Nieddu \u2013 abbiamo gestito una transizione articolata e ora il nuovo assetto del sistema sanitario sta entrando rapidamente a regime. I concorsi procedono e i reclutamenti dalle selezioni in corso non si sono mai fermati. Ora per\u00f2, grazie al provvedimento approvato, le aziende potranno scorrere le graduatorie oltre al numero dei posti previsti dai concorsi gi\u00e0 banditi e conclusi, senza dover attendere ulteriori passaggi tecnici. La nostra unica priorit\u00e0 resta quella di potenziare i nostri ospedali e i servizi d\u2019assistenza sul territorio\u201d.<\/p>\n\n\n\n<p>La delibera di Giunta definisce inoltre l\u2019assegnazione degli importi per ogni singola azienda del sistema sanitario, risorse che potranno essere impiegate da subito: 1.210.000 euro per Ares; 1.090.000, Asl 1 Sassari; 1.340.000, Asl 2 Gallura, 1.410.000 Asl 3 Nuoro; 290.000 Asl 4 Ogliastra; 1.240.000, Asl 5 Oristano; 530.000, Asl 6 Medio Campidano; 1.000.000 Asl 7 Sulcis; 2.320.000 Asl 8 Cagliari; 3.830.000, Arnas G. Brotzu; 1.090.000 Aou Cagliari; 2.070.000, Aou Sassari; 670.000, Areus. Com<\/p>\n","protected":false},"excerpt":{"rendered":"<p>Cagliari, 15 Apr 2022\u00a0\u2013 La Giunta Sarda, su proposta dell\u2019assessore regionale della Sanit\u00e0, Mario Nieddu, ha approvato la delibera che assegna alle aziende sanitarie regionali&#8230;<\/p>\n","protected":false},"author":2,"featured_media":209129,"comment_status":"closed","ping_status":"open","sticky":false,"template":"","format":"standard","meta":[],"categories":[49,52],"tags":[],"_links":{"self":[{"href":"https:\/\/www.cronacaonline.it\/index.php\/wp-json\/wp\/v2\/posts\/220464"}],"collection":[{"href":"https:\/\/www.cronacaonline.it\/index.php\/wp-json\/wp\/v2\/posts"}],"about":[{"href":"https:\/\/www.cronacaonline.it\/index.php\/wp-json\/wp\/v2\/types\/post"}],"author":[{"embeddable":true,"href":"https:\/\/www.cronacaonline.it\/index.php\/wp-json\/wp\/v2\/users\/2"}],"replies":[{"embeddable":true,"href":"https:\/\/www.cronacaonline.it\/index.php\/wp-json\/wp\/v2\/comments?post=220464"}],"version-history":[{"count":1,"href":"https:\/\/www.cronacaonline.it\/index.php\/wp-json\/wp\/v2\/posts\/220464\/revisions"}],"predecessor-version":[{"id":220465,"href":"https:\/\/www.cronacaonline.it\/index.php\/wp-json\/wp\/v2\/posts\/220464\/revisions\/220465"}],"wp:featuredmedia":[{"embeddable":true,"href":"https:\/\/www.cronacaonline.it\/index.php\/wp-json\/wp\/v2\/media\/209129"}],"wp:attachment":[{"href":"https:\/\/www.cronacaonline.it\/index.php\/wp-json\/wp\/v2\/media?parent=220464"}],"wp:term":[{"taxonomy":"category","embeddable":true,"href":"https:\/\/www.cronacaonline.it\/index.php\/wp-json\/wp\/v2\/categories?post=220464"},{"taxonomy":"post_tag","embeddable":true,"href":"https:\/\/www.cronacaonline.it\/index.php\/wp-json\/wp\/v2\/tags?post=220464"}],"curies":[{"name":"wp","href":"https:\/\/api.w.org\/{rel}","templated":true}]}}