{"id":220427,"date":"2022-04-14T18:02:33","date_gmt":"2022-04-14T16:02:33","guid":{"rendered":"https:\/\/www.cronacaonline.it\/?p=220427"},"modified":"2022-04-14T18:17:55","modified_gmt":"2022-04-14T16:17:55","slug":"piano-regionale-antincendio-assessore-lampis-allincontro-con-corpo-forestale-forestas-e-protezione-civile","status":"publish","type":"post","link":"https:\/\/www.cronacaonline.it\/index.php\/2022\/04\/14\/piano-regionale-antincendio-assessore-lampis-allincontro-con-corpo-forestale-forestas-e-protezione-civile\/","title":{"rendered":"Piano regionale antincendio, assessore Lampis all\u2019incontro con corpo forestale, Forestas e protezione civile."},"content":{"rendered":"\n<p>Cagliari, 14 Apr 2022&nbsp;\u2013 Questa mattina, nella sede della Protezione civile regionale, si \u00e8 tenuto un incontro per fare il punto sui Piani ripartimentali antincendio, al quale hanno partecipato l\u2019assessore regionale della Difesa dell\u2019ambiente, Gianni Lampis, i direttori generali del Corpo forestale, Carlo Masnata, dell\u2019agenzia Forestas, Maurizio Mallocci, e della Protezione civile, Antonio Pasquale Belloi.<\/p>\n\n\n\n<p>Durante la riunione \u00e8 stata illustrata&nbsp;la situazione rispetto al personale e ai mezzi a disposizione ed \u00e8 stata sottolineata la necessit\u00e0 di condividere il testo dei Piani anche col corpo dei Vigili del fuoco, componente fondamentale del sistema di protezione civile, anche in relazione al Prai (Piano regionale antincendi). Infine, \u00e8 stata indicata l\u2019esigenza di omogeneizzare i sette piani da inserire nel Prai e, per quanto riguarda i volontari, l\u2019opportunit\u00e0 di passare dai piani operativi alle convenzioni, allineandosi cos\u00ec alle altre regioni italiane.<\/p>\n\n\n\n<p>\u201cUn incontro operativo e costruttivo tra le principali componenti coinvolte nel sistema regionale. Abbiamo esaminato la situazione della complessa macchina organizzativa, cos\u00ec da farci trovare pronti all\u2019avvio della stagione antincendio\u201d, ha concluso l\u2019assessore Lampis.<\/p>\n","protected":false},"excerpt":{"rendered":"<p>Cagliari, 14 Apr 2022&nbsp;\u2013 Questa mattina, nella sede della Protezione civile regionale, si \u00e8 tenuto un incontro per fare il punto sui Piani ripartimentali antincendio,&#8230;<\/p>\n","protected":false},"author":2,"featured_media":220432,"comment_status":"closed","ping_status":"open","sticky":false,"template":"","format":"standard","meta":[],"categories":[49,52],"tags":[],"_links":{"self":[{"href":"https:\/\/www.cronacaonline.it\/index.php\/wp-json\/wp\/v2\/posts\/220427"}],"collection":[{"href":"https:\/\/www.cronacaonline.it\/index.php\/wp-json\/wp\/v2\/posts"}],"about":[{"href":"https:\/\/www.cronacaonline.it\/index.php\/wp-json\/wp\/v2\/types\/post"}],"author":[{"embeddable":true,"href":"https:\/\/www.cronacaonline.it\/index.php\/wp-json\/wp\/v2\/users\/2"}],"replies":[{"embeddable":true,"href":"https:\/\/www.cronacaonline.it\/index.php\/wp-json\/wp\/v2\/comments?post=220427"}],"version-history":[{"count":2,"href":"https:\/\/www.cronacaonline.it\/index.php\/wp-json\/wp\/v2\/posts\/220427\/revisions"}],"predecessor-version":[{"id":220433,"href":"https:\/\/www.cronacaonline.it\/index.php\/wp-json\/wp\/v2\/posts\/220427\/revisions\/220433"}],"wp:featuredmedia":[{"embeddable":true,"href":"https:\/\/www.cronacaonline.it\/index.php\/wp-json\/wp\/v2\/media\/220432"}],"wp:attachment":[{"href":"https:\/\/www.cronacaonline.it\/index.php\/wp-json\/wp\/v2\/media?parent=220427"}],"wp:term":[{"taxonomy":"category","embeddable":true,"href":"https:\/\/www.cronacaonline.it\/index.php\/wp-json\/wp\/v2\/categories?post=220427"},{"taxonomy":"post_tag","embeddable":true,"href":"https:\/\/www.cronacaonline.it\/index.php\/wp-json\/wp\/v2\/tags?post=220427"}],"curies":[{"name":"wp","href":"https:\/\/api.w.org\/{rel}","templated":true}]}}