{"id":220407,"date":"2022-04-14T13:33:13","date_gmt":"2022-04-14T11:33:13","guid":{"rendered":"https:\/\/www.cronacaonline.it\/?p=220407"},"modified":"2022-04-14T13:33:18","modified_gmt":"2022-04-14T11:33:18","slug":"parco-geominerario-la-regione-vince-la-causa-anche-al-consiglio-di-stato-il-presidente-solinas-la-sentenza-certifica-la-legittimita-e-la-correttezza-delloperato-della-regione","status":"publish","type":"post","link":"https:\/\/www.cronacaonline.it\/index.php\/2022\/04\/14\/parco-geominerario-la-regione-vince-la-causa-anche-al-consiglio-di-stato-il-presidente-solinas-la-sentenza-certifica-la-legittimita-e-la-correttezza-delloperato-della-regione\/","title":{"rendered":"Parco geominerario, la regione vince la causa anche al consiglio di stato. Il presidente Solinas: \u2018la sentenza certifica la legittimit\u00e0 e la correttezza dell&#8217;operato della regione\u2019."},"content":{"rendered":"\n<p>Cagliari,\u00a014 Apr 2022\u00a0\u2013 \u201cAl termine di una lunga e complessa vicenda giudiziaria, anche il Consiglio di Stato, cos\u00ec come precedentemente il Tar, ha certificato la legittimit\u00e0 e la correttezza dell'operato della Regione in merito alla gara per l\u2019affidamento del servizio di \u2018facility management\u2019 e di gestione integrata di servizi e attivit\u00e0 da realizzarsi nelle aree del Parco Geominerario storico e ambientale della Sardegna\u201d.\u00a0Lo ha detto il presidente della Regione, Christian Solinas, commentando il pronunciamento della sezione Quinta del Consiglio di Stato che, accogliendo la tesi dell'avvocatura regionale, ha respinto il ricorso proposto dalla societ\u00e0 Ifras Spa contro le decisioni assunte dall'Assessorato del lavoro e dall\u2019Agenzia sarda per le politiche attive sul lavoro (Aspal).<\/p>\n\n\n\n<p>\u201cUna sentenza che finalmente porta serenit\u00e0 ai lavoratori del Parco geominerario e che conferma la correttezza della strada intrapresa dalla Regione per dare una prospettiva di impulso e valorizzazione al Parco nel segno della legittimit\u00e0\u201d, ha aggiunto il Presidente.<\/p>\n\n\n\n<p>Anche in primo grado la sentenza era stata favorevole alla Regione, che aveva come obiettivo quello dare pieno sostegno alle attivit\u00e0 del Parco Geominerario e accrescere la professionalit\u00e0 dei suoi dipendenti, non pi\u00f9 con affidamenti diretti sempre allo stesso soggetto, come accaduto in passato, ma con una gara ad evidenza pubblica. Com<\/p>\n","protected":false},"excerpt":{"rendered":"<p>Cagliari,\u00a014 Apr 2022\u00a0\u2013 \u201cAl termine di una lunga e complessa vicenda giudiziaria, anche il Consiglio di Stato, cos\u00ec come precedentemente il Tar, ha certificato la&#8230;<\/p>\n","protected":false},"author":2,"featured_media":0,"comment_status":"closed","ping_status":"open","sticky":false,"template":"","format":"standard","meta":[],"categories":[49,52],"tags":[],"_links":{"self":[{"href":"https:\/\/www.cronacaonline.it\/index.php\/wp-json\/wp\/v2\/posts\/220407"}],"collection":[{"href":"https:\/\/www.cronacaonline.it\/index.php\/wp-json\/wp\/v2\/posts"}],"about":[{"href":"https:\/\/www.cronacaonline.it\/index.php\/wp-json\/wp\/v2\/types\/post"}],"author":[{"embeddable":true,"href":"https:\/\/www.cronacaonline.it\/index.php\/wp-json\/wp\/v2\/users\/2"}],"replies":[{"embeddable":true,"href":"https:\/\/www.cronacaonline.it\/index.php\/wp-json\/wp\/v2\/comments?post=220407"}],"version-history":[{"count":1,"href":"https:\/\/www.cronacaonline.it\/index.php\/wp-json\/wp\/v2\/posts\/220407\/revisions"}],"predecessor-version":[{"id":220408,"href":"https:\/\/www.cronacaonline.it\/index.php\/wp-json\/wp\/v2\/posts\/220407\/revisions\/220408"}],"wp:attachment":[{"href":"https:\/\/www.cronacaonline.it\/index.php\/wp-json\/wp\/v2\/media?parent=220407"}],"wp:term":[{"taxonomy":"category","embeddable":true,"href":"https:\/\/www.cronacaonline.it\/index.php\/wp-json\/wp\/v2\/categories?post=220407"},{"taxonomy":"post_tag","embeddable":true,"href":"https:\/\/www.cronacaonline.it\/index.php\/wp-json\/wp\/v2\/tags?post=220407"}],"curies":[{"name":"wp","href":"https:\/\/api.w.org\/{rel}","templated":true}]}}