{"id":220404,"date":"2022-04-14T13:02:49","date_gmt":"2022-04-14T11:02:49","guid":{"rendered":"https:\/\/www.cronacaonline.it\/?p=220404"},"modified":"2022-04-14T13:40:08","modified_gmt":"2022-04-14T11:40:08","slug":"rifiuti-urbani-assessore-lampis-la-tariffa-puntuale-potra-essere-adottata-in-tutti-i-comuni-consentendo-risparmi-peri-cittadini-grazie-a-incremento-della-raccolta-differenziata-e-minor-co","status":"publish","type":"post","link":"https:\/\/www.cronacaonline.it\/index.php\/2022\/04\/14\/rifiuti-urbani-assessore-lampis-la-tariffa-puntuale-potra-essere-adottata-in-tutti-i-comuni-consentendo-risparmi-peri-cittadini-grazie-a-incremento-della-raccolta-differenziata-e-minor-co\/","title":{"rendered":"Rifiuti urbani, assessore Lampis: \u2018la tariffa puntuale potr\u00e0 essere adottata in tutti i comuni, consentendo risparmi peri cittadini, grazie a incremento della raccolta differenziata e minor conferimento in discarica\u2019."},"content":{"rendered":"\n<p><strong>Cagliari, 14 Apr 2022&nbsp;<\/strong>\u2013&nbsp;\u201cIl risultato finora raggiunto nella raccolta differenziata (rispetto al 2019, la percentuale \u00e8 aumentata dal 72,9% al 74,22%) ci ha convinto che&nbsp;entro il 2022&nbsp;si possa conseguire l\u2019ambizioso obiettivo dell\u201980%. Perci\u00f2, abbiamo deciso di attivare su scala regionale il metodo della \u2018tariffazione puntuale\u2019,&nbsp;cio\u00e8 la tariffa basata sui rifiuti effettivamente conferiti, che consentir\u00e0 un incremento della percentuale di raccolta differenziata, una minor produzione di rifiuti urbani e un minor&nbsp;conferimento in discarica, oltre&nbsp;all'introduzione di criteri equi nel calcolo delle tariffe a carico dei cittadini\u201d.&nbsp;Lo ha detto l\u2019'assessore regionale della Difesa dell'Ambiente, Gianni Lampis,&nbsp;illustrando&nbsp;le \u2018Linee guida\u2019 per la \u2018tariffa puntuale\u2019 nell\u2019ambito del servizio di gestione dei rifiuti urbani in Sardegna.<\/p>\n\n\n\n<p>\u201cIl sistema di \u2018tariffazione puntuale\u2019 non \u00e8 ancora sviluppato nel territorio regionale, perci\u00f2 era necessario adottare strumenti di incentivazione per favorirne la diffusione, secondo le azioni previste nel&nbsp;\u2018Piano regionale di gestione dei rifiuti urbani\u2019 che prevede l'adozione di strumenti economici incentrati sul principio \u2018chi inquina paga\u2019&nbsp;\u2013 ha aggiunto l\u2019assessore Lampis \u2013&nbsp;L'esperienza maturata con il meccanismo di premialit\u00e0\/penalit\u00e0 per la raccolta differenziata ha dimostrato come si possa favorire una corretta gestione dei rifiuti. L'attivazione della \u2018tariffazione puntuale\u2019 \u00e8 stata individuata come azione per lo sviluppo, a livello locale, di sistemi di gestione indirizzati non solo alla minimizzazione della produzione complessiva dei rifiuti urbani, ma anche all'innalzamento delle percentuali di separazione delle frazioni recuperabili e riciclabili e alla minimizzazione della frazione da avviare allo smaltimento. La \u2018tariffa puntuale\u2019 \u00e8 anche uno strumento di responsabilizzazione all'attenta gestione dei rifiuti, coinvolgendo anche economicamente tutte le componenti (ente locale, soggetto gestore e utenze), e diventa un elemento di equit\u00e0 nell'attribuzione dei costi del servizio ai cittadini\u201d.<\/p>\n\n\n\n<p>Con lo strumento della premialit\u00e0\/penalit\u00e0, in Sardegna si \u00e8 passati da una raccolta differenziata del 2,8% nel 2002 al 74,22% nel 2020. Attualmente, 366 Comuni su 377 (il 97%) hanno superato l'obiettivo di legge del 65% di raccolta differenziata, per una popolazione pari a circa il 90% del totale. Mentre, 44 Comuni hanno gi\u00e0 superato l'80%.<\/p>\n\n\n\n<p>\u201cIl Comune di Cagliari \u00e8 stato il primo, nel 2021, ad attivare questo tipo di tariffazione&nbsp;per le utenze domestiche, novit\u00e0 che contribuir\u00e0 verosimilmente al miglioramento delle prestazioni ambientali nel territorio comunale e conseguentemente dell'intero territorio regionale. Anche&nbsp;Quartu Sant\u2019Elena e Nuoro si stanno organizzando. Ovviamente, la Regione ha concesso un periodo per consentire alle Amministrazioni di organizzare e adeguare il servizio, prevedendolo a regime dal 2023 \u2013 ha evidenziato l\u2019Assessore dell\u2019Ambiente \u2013&nbsp;E\u2019 stato studiato anche un aggiornamento del meccanismo premialit\u00e0\/penalit\u00e0, che ne condizioni l'applicazione all'adozione della 'tariffa puntuale' a livello locale, senza penalizzare le Amministrazioni che ottengono significative percentuali di raccolta differenziata senza adottare questa tariffazione\u201d.<\/p>\n\n\n\n<p>\u201cI cittadini e le imprese chiedono di premiare gli sforzi che hanno consentito alla Sardegna di confermarsi come seconda regione italiana per raccolta differenziata. Un sistema di 'tariffazione puntuale', quindi un minor conferimento di secco, consentir\u00e0 ai Comuni di avere minori costi e ai cittadini di risparmiare fino al 20% dell\u2019attuale tariffa. Da non trascurare che, conferendo in discarica meno secco possibile, ci sar\u00e0 anche un indubbio vantaggio ambientale\u201d, ha concluso l\u2019esponente della Giunta Sarda.&nbsp;Com<\/p>\n","protected":false},"excerpt":{"rendered":"<p>Cagliari, 14 Apr 2022&nbsp;\u2013&nbsp;\u201cIl risultato finora raggiunto nella raccolta differenziata (rispetto al 2019, la percentuale \u00e8 aumentata dal 72,9% al 74,22%) ci ha convinto che&nbsp;entro&#8230;<\/p>\n","protected":false},"author":2,"featured_media":220405,"comment_status":"closed","ping_status":"open","sticky":false,"template":"","format":"standard","meta":[],"categories":[49,52],"tags":[],"_links":{"self":[{"href":"https:\/\/www.cronacaonline.it\/index.php\/wp-json\/wp\/v2\/posts\/220404"}],"collection":[{"href":"https:\/\/www.cronacaonline.it\/index.php\/wp-json\/wp\/v2\/posts"}],"about":[{"href":"https:\/\/www.cronacaonline.it\/index.php\/wp-json\/wp\/v2\/types\/post"}],"author":[{"embeddable":true,"href":"https:\/\/www.cronacaonline.it\/index.php\/wp-json\/wp\/v2\/users\/2"}],"replies":[{"embeddable":true,"href":"https:\/\/www.cronacaonline.it\/index.php\/wp-json\/wp\/v2\/comments?post=220404"}],"version-history":[{"count":2,"href":"https:\/\/www.cronacaonline.it\/index.php\/wp-json\/wp\/v2\/posts\/220404\/revisions"}],"predecessor-version":[{"id":220414,"href":"https:\/\/www.cronacaonline.it\/index.php\/wp-json\/wp\/v2\/posts\/220404\/revisions\/220414"}],"wp:featuredmedia":[{"embeddable":true,"href":"https:\/\/www.cronacaonline.it\/index.php\/wp-json\/wp\/v2\/media\/220405"}],"wp:attachment":[{"href":"https:\/\/www.cronacaonline.it\/index.php\/wp-json\/wp\/v2\/media?parent=220404"}],"wp:term":[{"taxonomy":"category","embeddable":true,"href":"https:\/\/www.cronacaonline.it\/index.php\/wp-json\/wp\/v2\/categories?post=220404"},{"taxonomy":"post_tag","embeddable":true,"href":"https:\/\/www.cronacaonline.it\/index.php\/wp-json\/wp\/v2\/tags?post=220404"}],"curies":[{"name":"wp","href":"https:\/\/api.w.org\/{rel}","templated":true}]}}