{"id":220394,"date":"2022-04-14T09:49:42","date_gmt":"2022-04-14T07:49:42","guid":{"rendered":"https:\/\/www.cronacaonline.it\/?p=220394"},"modified":"2022-04-14T09:49:45","modified_gmt":"2022-04-14T07:49:45","slug":"cultura-al-via-la-valorizzazione-del-patrimonio-sardo-negli-usa-lassessore-fasolino-da-domani-i-giganti-di-monte-prama-in-mostra-alla-columbia-university","status":"publish","type":"post","link":"https:\/\/www.cronacaonline.it\/index.php\/2022\/04\/14\/cultura-al-via-la-valorizzazione-del-patrimonio-sardo-negli-usa-lassessore-fasolino-da-domani-i-giganti-di-monte-prama-in-mostra-alla-columbia-university\/","title":{"rendered":"Cultura, al via la valorizzazione del patrimonio sardo negli usa. L\u2019assessore Fasolino: &#8220;da domani i giganti di Mont\u2019e Prama in mostra alla Columbia University\u201d."},"content":{"rendered":"\n<p>Cagliari, 14 aprile 2022 \u2013\u00a0Parte con una mostra internazionale su Mont\u2019e Prama il programma di promozione e la collaborazione oltreoceano sviluppati con un finanziamento della Regione per valorizzare, anche dal punto di vista scientifico, il patrimonio culturale della Sardegna. \u201cIl prestigioso sito della Columbia University ospiter\u00e0 da domani uno dei nostri siti pi\u00f9 importanti, quello di Mont\u2019e Prama, patrimonio non solo della Sardegna e\u00a0dei sardi ma di tutta l\u2019umanit\u00e0\u00a0\u2013 spiega l\u2019Assessore della Programmazione, Giuseppe Fasolino - L\u2019opportunit\u00e0 e la competenza scientifica dell\u2019Italian Academy consente ora di mostrare questi tesori a tutto il mondo. L\u2019impegno della Regione Sardegna \u00e8 di continuare, al pi\u00f9 alto livello scientifico, a valorizzare il nostro patrimonio e la collaborazione con l\u2019Italian Academy, che continuer\u00e0 per altre attivit\u00e0 \u00e8 la migliore prova di questo impegno, con l\u2019auspicio che tanta bellezza possa essere ammirata da tutti non solo da remoto ma anche direttamente nella nostra splendida Isola\u201d, ha concluso l\u2019Assessore Fasolino ringraziando l\u2019Accademia italiana, Columbia University, e la Fondazione Mont\u2019e Prama.<\/p>\n\n\n\n<p>Entra quindi nel vivo la collaborazione tra la Regione Sardegna, per il tramite del Centro regionale di Programmazione, e l\u2019Italian Academy for Advanced Studies in America, Columbia University New York. Da domani, 15 aprile, sar\u00e0 on line (non visitabile in presenza a causa delle norme anti-Covid) la digital exhibition denominata \u201cGLI EROI GIGANTI DI MONT'E PRAMA-Recuperare l'antico patrimonio sardo - Scavo e restauro di statue sarde di 3.000 anni fa\u201d. Una mostra online che esplora le decine di colossali figure pre-romane scoperte nel 1974 nella Sardegna occidentale nel sito di Mont'e Prama a cui seguir\u00e0 una raccolta di scritti, in pubblicazione nei prossimi mesi, su uno dei casi pi\u00f9 affascinanti dell'archeologia mediterranea. Sono appunto queste le prime iniziative del programma sviluppato con il finanziamento regionale per la valorizzazione del patrimonio culturale, storico, archeologico sardo.<\/p>\n\n\n\n<p>La Digitale exhibition, online dalle ore 12.00 (ora NYC) del 15.04.2022 alle 11.59 del 15.04.2023 \u00e8 visitabile presso&nbsp;<a href=\"https:\/\/montepramaexhibition.italianacademy.columbia.edu\/\" target=\"_blank\" rel=\"noreferrer noopener\">https:\/\/montepramaexhibition.italianacademy.columbia.edu\/<\/a>&nbsp;<\/p>\n","protected":false},"excerpt":{"rendered":"<p>Cagliari, 14 aprile 2022 \u2013\u00a0Parte con una mostra internazionale su Mont\u2019e Prama il programma di promozione e la collaborazione oltreoceano sviluppati con un finanziamento della&#8230;<\/p>\n","protected":false},"author":2,"featured_media":216420,"comment_status":"closed","ping_status":"open","sticky":false,"template":"","format":"standard","meta":[],"categories":[49,52],"tags":[],"_links":{"self":[{"href":"https:\/\/www.cronacaonline.it\/index.php\/wp-json\/wp\/v2\/posts\/220394"}],"collection":[{"href":"https:\/\/www.cronacaonline.it\/index.php\/wp-json\/wp\/v2\/posts"}],"about":[{"href":"https:\/\/www.cronacaonline.it\/index.php\/wp-json\/wp\/v2\/types\/post"}],"author":[{"embeddable":true,"href":"https:\/\/www.cronacaonline.it\/index.php\/wp-json\/wp\/v2\/users\/2"}],"replies":[{"embeddable":true,"href":"https:\/\/www.cronacaonline.it\/index.php\/wp-json\/wp\/v2\/comments?post=220394"}],"version-history":[{"count":1,"href":"https:\/\/www.cronacaonline.it\/index.php\/wp-json\/wp\/v2\/posts\/220394\/revisions"}],"predecessor-version":[{"id":220395,"href":"https:\/\/www.cronacaonline.it\/index.php\/wp-json\/wp\/v2\/posts\/220394\/revisions\/220395"}],"wp:featuredmedia":[{"embeddable":true,"href":"https:\/\/www.cronacaonline.it\/index.php\/wp-json\/wp\/v2\/media\/216420"}],"wp:attachment":[{"href":"https:\/\/www.cronacaonline.it\/index.php\/wp-json\/wp\/v2\/media?parent=220394"}],"wp:term":[{"taxonomy":"category","embeddable":true,"href":"https:\/\/www.cronacaonline.it\/index.php\/wp-json\/wp\/v2\/categories?post=220394"},{"taxonomy":"post_tag","embeddable":true,"href":"https:\/\/www.cronacaonline.it\/index.php\/wp-json\/wp\/v2\/tags?post=220394"}],"curies":[{"name":"wp","href":"https:\/\/api.w.org\/{rel}","templated":true}]}}