{"id":220349,"date":"2022-04-13T18:19:23","date_gmt":"2022-04-13T16:19:23","guid":{"rendered":"https:\/\/www.cronacaonline.it\/?p=220349"},"modified":"2022-04-13T19:40:33","modified_gmt":"2022-04-13T17:40:33","slug":"grande-successo-dei-vini-sardi-al-vinitaly-lassessore-murgia-dalla-regione-massimo-sostegno-a-un-settore-che-rappresenta-uneccellenza-del-nostro-territorio","status":"publish","type":"post","link":"https:\/\/www.cronacaonline.it\/index.php\/2022\/04\/13\/grande-successo-dei-vini-sardi-al-vinitaly-lassessore-murgia-dalla-regione-massimo-sostegno-a-un-settore-che-rappresenta-uneccellenza-del-nostro-territorio\/","title":{"rendered":"Grande successo dei vini sardi al Vinitaly, l\u2019assessore Murgia: \u201cdalla Regione massimo sostegno a un settore che rappresenta un\u2019eccellenza del nostro territorio\u201d."},"content":{"rendered":"\n<p>Cagliari, 13 aprile 2022 \u2013&nbsp;\u201cLa Sardegna ha partecipato alla 54ma edizione del Vinitaly da vera protagonista, mostrando ancora una volta al mondo la qualit\u00e0 di una produzione che trova la sua forza nelle tradizioni pi\u00f9 antiche della nostra Isola, ma che al tempo stesso ha la capacit\u00e0 di guardare al futuro e alle nuove sfide dei mercati e di un\u2019offerta sempre pi\u00f9 trasversale, che abbraccia turismo e cultura\u201d. Lo dichiara l\u2019assessore dell\u2019Agricoltura, Gabriella Murgia nella giornata conclusiva del salone internazionale dei vini e distillati di Verona, tornato in presenza dopo due anni di stop a causa della pandemia, e che si \u00e8 caratterizzato per una massiccia presenza di operatori stranieri (oltre 25mila da 139 Paesi). Migliaia i visitatori che nei quattro giorni dell\u2019evento hanno visitato lo Stand della Regione Sardegna e le 71 aziende della Collettiva presenti con i loro prodotti. \u201cA Verona la nostra produzione vitivinicola ha riscosso la massima attenzione, sia da parte del pubblico presente, sia dai \u2018top buyers\u2019 nazionali e internazionali\u201d, precisa l\u2019assessore Murgia.<\/p>\n\n\n\n<p>Un successo confermato anche dai numerosi riconoscimenti ottenuti dai vini sardi. Primo in assoluto il \u201cJudikes 2008, Vernaccia di Oristano doc\u201d riserva della Cantina della Vernaccia di Oristano, premiato come \u201cMiglior vino italiano\u201d, con un punteggio di 97\/100 al \u201c5StarWines \u2013 the Book 2023\u201d del Vinitaly, la cui guida prestigiosa includer\u00e0 i nomi di altri 76 vini sardi valutati con un punteggio superiore a 90\/100, il cui elenco \u00e8 disponibile sui canali social di \u201cSardegnavinitaly\u201d.<\/p>\n\n\n\n<p>\u201cIl Vinitaly ha confermato le potenzialit\u00e0 di un settore a cui vogliamo dare tutto il sostegno possibile e che rappresenta un\u2019autentica eccellenza del nostro territorio. Presto \u2013 conferma l\u2019assessore Murgia \u2013 costituiremo il Tavolo vitivinicolo presso l\u2019assessorato, coinvolgendo tutto il settore viticolo ed enologico comprese le organizzazioni e associazioni, per dare al settore una cabina di regia unitaria, in grado di rispondere in modo efficace alle numerose sfide che abbiamo davanti\u201d.&nbsp;<\/p>\n","protected":false},"excerpt":{"rendered":"<p>Cagliari, 13 aprile 2022 \u2013&nbsp;\u201cLa Sardegna ha partecipato alla 54ma edizione del Vinitaly da vera protagonista, mostrando ancora una volta al mondo la qualit\u00e0 di&#8230;<\/p>\n","protected":false},"author":2,"featured_media":220165,"comment_status":"closed","ping_status":"open","sticky":false,"template":"","format":"standard","meta":[],"categories":[49,52],"tags":[],"_links":{"self":[{"href":"https:\/\/www.cronacaonline.it\/index.php\/wp-json\/wp\/v2\/posts\/220349"}],"collection":[{"href":"https:\/\/www.cronacaonline.it\/index.php\/wp-json\/wp\/v2\/posts"}],"about":[{"href":"https:\/\/www.cronacaonline.it\/index.php\/wp-json\/wp\/v2\/types\/post"}],"author":[{"embeddable":true,"href":"https:\/\/www.cronacaonline.it\/index.php\/wp-json\/wp\/v2\/users\/2"}],"replies":[{"embeddable":true,"href":"https:\/\/www.cronacaonline.it\/index.php\/wp-json\/wp\/v2\/comments?post=220349"}],"version-history":[{"count":3,"href":"https:\/\/www.cronacaonline.it\/index.php\/wp-json\/wp\/v2\/posts\/220349\/revisions"}],"predecessor-version":[{"id":220355,"href":"https:\/\/www.cronacaonline.it\/index.php\/wp-json\/wp\/v2\/posts\/220349\/revisions\/220355"}],"wp:featuredmedia":[{"embeddable":true,"href":"https:\/\/www.cronacaonline.it\/index.php\/wp-json\/wp\/v2\/media\/220165"}],"wp:attachment":[{"href":"https:\/\/www.cronacaonline.it\/index.php\/wp-json\/wp\/v2\/media?parent=220349"}],"wp:term":[{"taxonomy":"category","embeddable":true,"href":"https:\/\/www.cronacaonline.it\/index.php\/wp-json\/wp\/v2\/categories?post=220349"},{"taxonomy":"post_tag","embeddable":true,"href":"https:\/\/www.cronacaonline.it\/index.php\/wp-json\/wp\/v2\/tags?post=220349"}],"curies":[{"name":"wp","href":"https:\/\/api.w.org\/{rel}","templated":true}]}}