{"id":220334,"date":"2022-04-13T15:13:59","date_gmt":"2022-04-13T13:13:59","guid":{"rendered":"https:\/\/www.cronacaonline.it\/?p=220334"},"modified":"2022-04-13T17:18:59","modified_gmt":"2022-04-13T15:18:59","slug":"einstein-telescope-la-candidatura-dellisola-sempre-piu-forte-il-presidente-solinas-sardegna-luogo-ideale-per-opere-di-innovazione-tecnologica-di-valore-mondiale","status":"publish","type":"post","link":"https:\/\/www.cronacaonline.it\/index.php\/2022\/04\/13\/einstein-telescope-la-candidatura-dellisola-sempre-piu-forte-il-presidente-solinas-sardegna-luogo-ideale-per-opere-di-innovazione-tecnologica-di-valore-mondiale\/","title":{"rendered":"Einstein Telescope, la candidatura dell\u2019isola sempre pi\u00f9 forte. Il presidente Solinas: \u201cSardegna luogo ideale per opere di innovazione tecnologica di valore mondiale\u201d."},"content":{"rendered":"\n<p>Cagliari, 13 Apr 2022 \u2013\u00a0\u201cVedere crescere ancora, e in maniera sempre pi\u00f9 forte e coesa, il consenso attorno alla scelta di Lula come sede dell\u2019Einstein Telescope ci rende orgogliosi e infonde in noi speranza e fiducia sull\u2019esito finale. Ospitando l\u2019Einstein Telescope la Sardegna conquisterebbe un ruolo di rilievo assoluto nel mondo scientifico internazionale, accogliendo scienziati provenienti da tutto il mondo, con evidenti e importanti ricadute sul territorio regionale sia in termini economici e occupazionali, sia tecnologici e industriali. Sappiamo di avere le carte in regole e attendiamo con spirito positivo gli esiti della procedura\u201d.<\/p>\n\n\n\n<p>Lo ha detto il Presidente della Regione Christian Solinas, commentando con soddisfazione l\u2019indicazione favorevole alla scelta di Lula anche da parte della Commissione Cultura e Istruzione del Senato, dalla quale viene indirizzata al Governo una chiara indicazione affinch\u00e9 il progetto sia inserito all\u2019interno del Piano di ripresa e resilienza, seguendo cos\u00ec la strada tracciata dalla Commissione Finanze di Palazzo Madama che aveva espresso lo stesso orientamento.<\/p>\n\n\n\n<p>\u201cEinstein Telescope rappresenta una grande sfida scientifica e tecnologica per l'Italia. Il progetto del telescopio ad onde gravitazionali di terza generazione \u00e8 un esempio di quello sviluppo sostenibile legato all\u2019innovazione che la Regione Sardegna sostiene, e per la quale si candida in campo internazionale\u201d, ha proseguito il Presidente Solinas, che anche nel corso dell\u2019incontro avvenuto il 7 aprile a Villa Devoto con il Ministro dell\u2019Innovazione tecnologica e la transizione digitale Vittorio Colao aveva esposto i progressi della candidatura della Sardegna, ribadendo come l\u2019Isola possa essere il luogo ideale per ospitare progetti di alta tecnologia, diventando area leader in Italia.<\/p>\n\n\n\n<p>In competizione con il sito sardo c\u2019\u00e8 quello del Limburgo, al confine fra Olanda, Belgio e Germania, ma la zona non ha caratteristiche fisiche e ambientali comparabili con la Sardegna. Gli apparati devono essere infatti costruiti in regioni a basso rumore sismico sia di origine naturale (attivit\u00e0 sismica) che antropica (attivit\u00e0 umane, industriali, produttive, trasporti). Non solo: la geologia del sito deve permettere una costruzione stabile di grandi caverne, poco soggetta alla presenza di acqua sotterranea. Queste caratteristiche rendono la Sardegna la regione ottimale per la realizzazione di ET e il sito di Sos Enattos risulta ottimale. Non a caso, l\u2019impegno assunto dal Ministero dell\u2019universit\u00e0 e della ricerca italiano a ospitare in Sardegna questa nuova infrastruttura \u00e8 supportato da prestigiosi enti di ricerca e universit\u00e0 nazionali.<\/p>\n\n\n\n<p>Il nuovo rivelatore gravitazionale \u00e8 un\u2019opportunit\u00e0 di sviluppo unica nel suo genere: si tratta di un investimento infrastrutturale di almeno un miliardo e mezzo di euro, che coinvolger\u00e0 in fase di costruzione oltre 2500 persone, e sul lungo termine sar\u00e0 un grande polo scientifico di valore internazionale, destinato ad attrarre risorse da investire alla frontiera della scienza e della tecnologia, un motore di sviluppo, innovazione e crescita per la Sardegna, l\u2019Italia e l\u2019Europa intera. Com<\/p>\n","protected":false},"excerpt":{"rendered":"<p>Cagliari, 13 Apr 2022 \u2013\u00a0\u201cVedere crescere ancora, e in maniera sempre pi\u00f9 forte e coesa, il consenso attorno alla scelta di Lula come sede dell\u2019Einstein&#8230;<\/p>\n","protected":false},"author":2,"featured_media":0,"comment_status":"closed","ping_status":"open","sticky":false,"template":"","format":"standard","meta":[],"categories":[49,52],"tags":[],"_links":{"self":[{"href":"https:\/\/www.cronacaonline.it\/index.php\/wp-json\/wp\/v2\/posts\/220334"}],"collection":[{"href":"https:\/\/www.cronacaonline.it\/index.php\/wp-json\/wp\/v2\/posts"}],"about":[{"href":"https:\/\/www.cronacaonline.it\/index.php\/wp-json\/wp\/v2\/types\/post"}],"author":[{"embeddable":true,"href":"https:\/\/www.cronacaonline.it\/index.php\/wp-json\/wp\/v2\/users\/2"}],"replies":[{"embeddable":true,"href":"https:\/\/www.cronacaonline.it\/index.php\/wp-json\/wp\/v2\/comments?post=220334"}],"version-history":[{"count":1,"href":"https:\/\/www.cronacaonline.it\/index.php\/wp-json\/wp\/v2\/posts\/220334\/revisions"}],"predecessor-version":[{"id":220335,"href":"https:\/\/www.cronacaonline.it\/index.php\/wp-json\/wp\/v2\/posts\/220334\/revisions\/220335"}],"wp:attachment":[{"href":"https:\/\/www.cronacaonline.it\/index.php\/wp-json\/wp\/v2\/media?parent=220334"}],"wp:term":[{"taxonomy":"category","embeddable":true,"href":"https:\/\/www.cronacaonline.it\/index.php\/wp-json\/wp\/v2\/categories?post=220334"},{"taxonomy":"post_tag","embeddable":true,"href":"https:\/\/www.cronacaonline.it\/index.php\/wp-json\/wp\/v2\/tags?post=220334"}],"curies":[{"name":"wp","href":"https:\/\/api.w.org\/{rel}","templated":true}]}}