{"id":220332,"date":"2022-04-13T15:10:36","date_gmt":"2022-04-13T13:10:36","guid":{"rendered":"https:\/\/www.cronacaonline.it\/?p=220332"},"modified":"2022-04-13T15:10:38","modified_gmt":"2022-04-13T13:10:38","slug":"assessore-nieddu-in-sardegna-nascono-50-case-della-comunita-il-presidente-solinas-investiamo-76-milioni-per-un-nuovo-modello-di-sanita-piu-vicino-ai-cittadini-e-ai-territori","status":"publish","type":"post","link":"https:\/\/www.cronacaonline.it\/index.php\/2022\/04\/13\/assessore-nieddu-in-sardegna-nascono-50-case-della-comunita-il-presidente-solinas-investiamo-76-milioni-per-un-nuovo-modello-di-sanita-piu-vicino-ai-cittadini-e-ai-territori\/","title":{"rendered":"Assessore Nieddu: In Sardegna nascono 50 case della comunit\u00e0. Il presidente Solinas: \u201cinvestiamo 76 milioni per un nuovo modello di sanit\u00e0, pi\u00f9 vicino ai cittadini e ai territori\u201d."},"content":{"rendered":"\n<p>Cagliari, 13 aprile 2022\u00a0\u2013 Cinquanta Case della Comunit\u00e0, realizzate con un finanziamento complessivo di 76,6 milioni di euro, attraverso le risorse del Pnrr e quelle regionali, distribuite in maniera capillare sul territorio. \u00c8 quanto previsto nel programma approvato dalla Giunta Regionale, che declina per la Sardegna gli obiettivi della Missione 6 del Piano di ripresa e resilienza di competenza sanitaria.<\/p>\n\n\n\n<p>\u201cIl futuro della sanit\u00e0 dell\u2019Isola inizia oggi, e passa attraverso a una programmazione di interventi che ci consentir\u00e0 di utilizzare tutte le risorse a nostra disposizione per integrare i nuovi servizi\u201d, dichiara il Presidente della Regione, Christian Solinas. \u201cLa pandemia \u2013 sottolinea il Presidente \u2013 ha cambiato e sta cambiando radicalmente il modo di concepire i nostri sistemi sanitari, e in questo quadro la medicina di prossimit\u00e0 avr\u00e0 un ruolo centrale, sempre pi\u00f9 importante per i territori nei quali fino ad ora si \u00e8 sofferta la carenza di servizi erogati dalla sanit\u00e0 pubblica. Abbiamo un orizzonte ben definito ed \u00e8 su queste sfide che stiamo concentrando in nostri sforzi, a beneficio di tutti i sardi\u201d.<\/p>\n\n\n\n<p>\u201cLe risorse del Pnrr \u2013 prosegue il Presidente Solinas \u2013 rappresentano un\u2019occasione da non perdere per porre rimedio all\u2019impoverimento dei servizi sanitari sul territorio, penalizzati da scelte sbagliate operate nel passato, e che hanno determinato un progressivo abbassamento del livello dei servizi. Utilizzeremo dunque \u2013 dice ancora il Presidente \u2013 tutte le risorse disponibili per garantire ai Sardi un livello di assistenza all\u2019altezza delle esigenze e delle aspettative\u201d.<\/p>\n\n\n\n<p>Le Case della Comunit\u00e0, come previsto dalla normativa nazionale, sono le nuove strutture socio-sanitarie che raccolgono in un unico spazio i servizi di medicina specialistica (anche attraverso la telemedicina), l\u2019assistenza primaria (con i medici di famiglia e i pediatri di libera scelta, che continueranno ad operare anche attraverso i propri ambulatori) e l\u2019assistenza infermieristica. Ma al suo interno i cittadini potranno trovare anche l\u2019assistenza sociale, lo psicologo e altri professionisti della salute (come, ad esempio, l\u2019Ostetrica di Comunit\u00e0).<\/p>\n\n\n\n<p>\u201cCi\u00f2 che prevede la Casa della Comunit\u00e0 \u00e8 un autentico team multidisciplinare \u2013 dichiara l\u2019assessore regionale della Sanit\u00e0, Mario Nieddu \u2013 che possa dare risposte a bisogni complessi. Sono luoghi dove l\u2019integrazione socio-sanitaria \u00e8 pensata in modo da non essere solo funzionale, ma anche strutturale e fisica, con la condivisione degli spazi e la promozione del lavoro di equipe\u201d.<\/p>\n\n\n\n<p>\u201cSi tratta di un\u2019opportunit\u00e0 importante. Le Case della Comunit\u00e0 andranno ad affiancare e potenziare i servizi esistenti. Certo, perch\u00e9 questo importante progetto possa avere gambe, ci aspettiamo dal Governo e in particolare dal Ministero della Salute, che vengano garantiti i presupposti, economici e non solo, per dare ai servizi tutto il personale e le professionalit\u00e0 necessarie al loro funzionamento\u201d.<\/p>\n\n\n\n<p>Nel dettaglio attraverso gli investimenti indicati nella programmazione regionale, che tiene conto dei parametri indicati dalla normativa nazionale sulla distribuzione delle strutture in base al numero di abitanti, sono previste: 10 Case della Comunit\u00e0 nell\u2019area dell\u2019Asl 1 di Sassari per circa 26,6 milioni di euro; 9 nell\u2019area dell\u2019Asl 2 per 9,8 milioni; 6 nell\u2019Asl 3 per 8,1 milioni; una nell\u2019Asl 4 per 1,7 milioni; 5 nell\u2019Asl 5 per 4,5 milioni; 2 nell\u2019Asl 6 per poco meno di 3 milioni di euro; 2 nell\u2019Asl 7 per 3,8 milioni e infine; 15 nell\u2019Asl 8 per 19,1 milioni.<\/p>\n\n\n\n<p>Le Case della Comunit\u00e0 per il territorio dell\u2019Asl 1 sono previste: a Sassari (2); Porto Torres; Perfugas; Alghero; Bonorva; Ittiri (dove la casa Casa di Comunit\u00e0 trover\u00e0 spazio in una porzione dell\u2019ospedale Alivesi, dove \u00e8 previsto un intervento edilizio); Ozieri (dove la struttura affiancher\u00e0 l\u2019ospedale Segni, che verr\u00e0 quindi ampliato); Bono; Castelsardo. Per l\u2019Asl 2: a Berchidda; Olbia; Buddus\u00f2; La Maddalena; Arzachena; Santa Teresa; Trinit\u00e0 d\u2019Agultu; San Teodoro; Tempio Pausania. Nel territorio dell\u2019Asl 3: Aritzo; Macomer, Siniscola; Sorgono; Dorgali; Ottana. Per l\u2019Asl 4: Jerzu. Per l\u2019Asl 5: Santu Lussurgiu; Samugheo; Ghilarza; Tramatza. Per l\u2019Asl 6: Sanluri; Lunamatrona. Per l\u2019Asl 7: Iglesias (nella struttura del Santa Barbara che ospiter\u00e0 anche l\u2019Ospedale di Comunit\u00e0); Carbonia. E infine per l\u2019Asl 8: Isili (dove i servizi della Casa della Salute affiancheranno il presidio dell\u2019ospedale San Giuseppe); Muravera; Villasimius; Decimomannu; Villasor; Capoterra; Teulada; Sadali; Cagliari (2); Monastir; Sestu; Dolianova; Sinnai, Elmas.<\/p>\n\n\n\n<p>\u201cLe strutture previste dal programma che declina il Pnrr sul territorio \u2013 sottolinea l'assessore Nieddu \u2013 non esauriscono il novero delle Case della Comunit\u00e0 complessivamente previste dal Piano dei servizi sanitari precedentemente approvato dalla Giunta, che ne prevede ulteriori cinque a cui saranno destinate risorse diverse. Un impostazione analoga agli Ospedali di Comunit\u00e0, che oltre ai tredici indicati con il Pnrr, ne include ulteriori venti \u2013 previsti a Ittiri, Thiesi, Sorso, Olbia, Gavoi, Macomer, Siniscola, Arzana, Ales, San Gavino, Sanluri, S. Antioco, Sestu, Elmas, Decimomannu, Siliqua, Capoterra, Sinnai, Muravera, Isili \u2013&nbsp;&nbsp;&nbsp;che saranno realizzati attraverso altre linee di finanziamento\u201d. Com<\/p>\n","protected":false},"excerpt":{"rendered":"<p>Cagliari, 13 aprile 2022\u00a0\u2013 Cinquanta Case della Comunit\u00e0, realizzate con un finanziamento complessivo di 76,6 milioni di euro, attraverso le risorse del Pnrr e quelle&#8230;<\/p>\n","protected":false},"author":2,"featured_media":218466,"comment_status":"closed","ping_status":"open","sticky":false,"template":"","format":"standard","meta":[],"categories":[49,52],"tags":[],"_links":{"self":[{"href":"https:\/\/www.cronacaonline.it\/index.php\/wp-json\/wp\/v2\/posts\/220332"}],"collection":[{"href":"https:\/\/www.cronacaonline.it\/index.php\/wp-json\/wp\/v2\/posts"}],"about":[{"href":"https:\/\/www.cronacaonline.it\/index.php\/wp-json\/wp\/v2\/types\/post"}],"author":[{"embeddable":true,"href":"https:\/\/www.cronacaonline.it\/index.php\/wp-json\/wp\/v2\/users\/2"}],"replies":[{"embeddable":true,"href":"https:\/\/www.cronacaonline.it\/index.php\/wp-json\/wp\/v2\/comments?post=220332"}],"version-history":[{"count":1,"href":"https:\/\/www.cronacaonline.it\/index.php\/wp-json\/wp\/v2\/posts\/220332\/revisions"}],"predecessor-version":[{"id":220333,"href":"https:\/\/www.cronacaonline.it\/index.php\/wp-json\/wp\/v2\/posts\/220332\/revisions\/220333"}],"wp:featuredmedia":[{"embeddable":true,"href":"https:\/\/www.cronacaonline.it\/index.php\/wp-json\/wp\/v2\/media\/218466"}],"wp:attachment":[{"href":"https:\/\/www.cronacaonline.it\/index.php\/wp-json\/wp\/v2\/media?parent=220332"}],"wp:term":[{"taxonomy":"category","embeddable":true,"href":"https:\/\/www.cronacaonline.it\/index.php\/wp-json\/wp\/v2\/categories?post=220332"},{"taxonomy":"post_tag","embeddable":true,"href":"https:\/\/www.cronacaonline.it\/index.php\/wp-json\/wp\/v2\/tags?post=220332"}],"curies":[{"name":"wp","href":"https:\/\/api.w.org\/{rel}","templated":true}]}}