{"id":220326,"date":"2022-04-13T13:34:43","date_gmt":"2022-04-13T11:34:43","guid":{"rendered":"https:\/\/www.cronacaonline.it\/?p=220326"},"modified":"2022-04-13T13:34:47","modified_gmt":"2022-04-13T11:34:47","slug":"guspini-venerdi-lapertura-al-traffico-del-ponte-di-terramaistus-lassessore-salaris-restituiamo-alla-collettivita-unopera-darte-sicura","status":"publish","type":"post","link":"https:\/\/www.cronacaonline.it\/index.php\/2022\/04\/13\/guspini-venerdi-lapertura-al-traffico-del-ponte-di-terramaistus-lassessore-salaris-restituiamo-alla-collettivita-unopera-darte-sicura\/","title":{"rendered":"Guspini, venerd\u00ec l\u2019apertura al traffico del ponte di Terramaistus. L\u2019assessore Salaris: \u201crestituiamo alla collettivit\u00e0 un\u2019opera d\u2019arte sicura\u201d."},"content":{"rendered":"\n<p>Cagliari, 13 aprile 2022 \u2013\u00a0Verr\u00e0 inaugurato venerd\u00ec, in maniera tale da garantirne la fruibilit\u00e0 del tratto prima delle festivit\u00e0 pasquali, il ponte ad arco Terramaistus al Km 41+532 della SS.196 \"Di Villacidro\" che collega il comune di Guspini con quello di Gonnosfanadiga.<\/p>\n\n\n\n<p>\u201cContinua l\u2019impegno della Regione finalizzato ad ammodernare le infrastrutture viarie, compresi ponti e viadotti sui quali concentriamo attenzione e risorse. Il ponte che verr\u00e0 inaugurato tra qualche giorno, in particolare, \u00e8 una delle opere d\u2019arte su cui si \u00e8 concentrata la nostra attenzione gi\u00e0 all\u2019inizio della fase pandemica e che oggi, nonostante le difficolt\u00e0 incontrate, possiamo riconsegnare alla collettivit\u00e0 in condizioni di sicurezza\u201d. Cos\u00ec l\u2019Assessore dei Lavori Pubblici, Aldo Salaris, che oggi ha effettuato un sopralluogo sul posto alla presenza dei rappresentanti di Anas. \u201cHo voluto verificare personalmente il frutto dell\u2019impegno profuso su questa infrastruttura perch\u00e9 ogni opera portata a compimento \u00e8 un passo avanti nel processo di modernizzazione infrastrutturale della nostra Isola \u2013 ha proseguito l\u2019esponente della Giunta Sarda - Il piano di investimenti in manutenzioni della rete, raddoppiato nella Legislatura in corso, \u00e8 il risultato della strategia messa in campo in questi due anni e mezzo e orientata al superamento della logica dell\u2019intervento emergenziale e in favore della programmazione ordinata degli interventi\u201d.<\/p>\n\n\n\n<p>Guardando all\u2019intervento nello specifico (investimento di circa un milione di euro), tecnicamente i lavori di risanamento conservativo dell\u2019opera d\u2019arte sono consistiti principalmente nel risanamento e ripristino del ponte e nell\u2019adeguamento plano-altimetrico dei tratti stradali di approccio. Dopo l'avvio dei lavori, avvenuti in piena crisi pandemica, l\u2019impresa esecutrice ha effettuato apposite indagini conoscitive approfondite sullo stato della struttura. \u00c8 stato cos\u00ec ridefinito il progetto con la modifica dell\u2019intervento, integrato e migliorato, che non poteva pi\u00f9 sopportare carichi. La necessaria modifica tecnica ha consentito di conferire all\u2019intera struttura un innalzamento delle condizioni di sicurezza e una maggior durata nel tempo. Com<\/p>\n","protected":false},"excerpt":{"rendered":"<p>Cagliari, 13 aprile 2022 \u2013\u00a0Verr\u00e0 inaugurato venerd\u00ec, in maniera tale da garantirne la fruibilit\u00e0 del tratto prima delle festivit\u00e0 pasquali, il ponte ad arco Terramaistus&#8230;<\/p>\n","protected":false},"author":2,"featured_media":220327,"comment_status":"closed","ping_status":"open","sticky":false,"template":"","format":"standard","meta":[],"categories":[49,52],"tags":[],"_links":{"self":[{"href":"https:\/\/www.cronacaonline.it\/index.php\/wp-json\/wp\/v2\/posts\/220326"}],"collection":[{"href":"https:\/\/www.cronacaonline.it\/index.php\/wp-json\/wp\/v2\/posts"}],"about":[{"href":"https:\/\/www.cronacaonline.it\/index.php\/wp-json\/wp\/v2\/types\/post"}],"author":[{"embeddable":true,"href":"https:\/\/www.cronacaonline.it\/index.php\/wp-json\/wp\/v2\/users\/2"}],"replies":[{"embeddable":true,"href":"https:\/\/www.cronacaonline.it\/index.php\/wp-json\/wp\/v2\/comments?post=220326"}],"version-history":[{"count":1,"href":"https:\/\/www.cronacaonline.it\/index.php\/wp-json\/wp\/v2\/posts\/220326\/revisions"}],"predecessor-version":[{"id":220328,"href":"https:\/\/www.cronacaonline.it\/index.php\/wp-json\/wp\/v2\/posts\/220326\/revisions\/220328"}],"wp:featuredmedia":[{"embeddable":true,"href":"https:\/\/www.cronacaonline.it\/index.php\/wp-json\/wp\/v2\/media\/220327"}],"wp:attachment":[{"href":"https:\/\/www.cronacaonline.it\/index.php\/wp-json\/wp\/v2\/media?parent=220326"}],"wp:term":[{"taxonomy":"category","embeddable":true,"href":"https:\/\/www.cronacaonline.it\/index.php\/wp-json\/wp\/v2\/categories?post=220326"},{"taxonomy":"post_tag","embeddable":true,"href":"https:\/\/www.cronacaonline.it\/index.php\/wp-json\/wp\/v2\/tags?post=220326"}],"curies":[{"name":"wp","href":"https:\/\/api.w.org\/{rel}","templated":true}]}}