{"id":220323,"date":"2022-04-13T12:32:57","date_gmt":"2022-04-13T10:32:57","guid":{"rendered":"https:\/\/www.cronacaonline.it\/?p=220323"},"modified":"2022-04-13T12:33:00","modified_gmt":"2022-04-13T10:33:00","slug":"consiglio-sardegna-commissione-ambiente-audizione-dellassessore-lampis-sulla-pl-258-tutela-dellavifauna-dai-danni-causati-da-impianti-elettrici","status":"publish","type":"post","link":"https:\/\/www.cronacaonline.it\/index.php\/2022\/04\/13\/consiglio-sardegna-commissione-ambiente-audizione-dellassessore-lampis-sulla-pl-258-tutela-dellavifauna-dai-danni-causati-da-impianti-elettrici\/","title":{"rendered":"Consiglio Sardegna &#8211; Commissione Ambiente: audizione dell\u2019assessore Lampis sulla Pl 258 (tutela dell\u2019avifauna dai danni causati da impianti elettrici)."},"content":{"rendered":"\n<p>Cagliari, 13 Apr 2022 \u2013 La commissione Ambiente presieduta ds Giuseppe Talanas (Forza Italia) ha ascoltato l\u2019assessore della Difesa dell\u2019Ambiente Gianni Lampis sulla proposta di legge n.258 relativa alla tutela dell\u2019avifauna dai danni provocati dagli impianti elettrici ed eolici.<\/p>\n\n\n\n<p>Nella sua esposizione l\u2019assessore Lampis ha affermato fra l\u2019altro che la legge si colloca positivamente all\u2019interno di una serie di azioni della Regione dalle quali nello specifico, anche grazie ad una puntuale raccolta di dati sul territorio, \u00e8 stato possibile accertare che la presenza di impianti elettrici ed eolici pu\u00f2 determinare la morte di numerosi esemplari appartenenti a diverse specie.<\/p>\n\n\n\n<p>Lampis ha inoltre formulato alcune proposte migliorative, dall\u2019allargamento del tavolo tecnico alle associazioni venatorie a protocolli aggiornati per il censimento delle specie interessate; dal rapporto pi\u00f9 stretto con i gestori degli impianti al \u201cristoro\u201d dei danni al patrimonio della Regione.<\/p>\n\n\n\n<p>Ritengo anche, ha concluso l\u2019assessore, che grazie alla legge si possa dare nuovo impulso all\u2019attivit\u00e0 dell\u2019Istituto regionale per la fauna selvatica che attualmente, a causa della mancanza di personale, non \u00e8 in grado di esprimere tutte le sue potenzialit\u00e0 tecniche e professionali a supporto dei tanti progetti nei quali \u00e8 impegnata la Regione.<\/p>\n\n\n\n<p>Nel dibattito hanno preso la parola i consiglieri regionali Valter Piscedda (Pd), Maria Laura Orr\u00f9 (Progressisti) e Michele Ennas (Lega). Com<\/p>\n","protected":false},"excerpt":{"rendered":"<p>Cagliari, 13 Apr 2022 \u2013 La commissione Ambiente presieduta ds Giuseppe Talanas (Forza Italia) ha ascoltato l\u2019assessore della Difesa dell\u2019Ambiente Gianni Lampis sulla proposta di&#8230;<\/p>\n","protected":false},"author":2,"featured_media":191300,"comment_status":"closed","ping_status":"open","sticky":false,"template":"","format":"standard","meta":[],"categories":[49,52],"tags":[],"_links":{"self":[{"href":"https:\/\/www.cronacaonline.it\/index.php\/wp-json\/wp\/v2\/posts\/220323"}],"collection":[{"href":"https:\/\/www.cronacaonline.it\/index.php\/wp-json\/wp\/v2\/posts"}],"about":[{"href":"https:\/\/www.cronacaonline.it\/index.php\/wp-json\/wp\/v2\/types\/post"}],"author":[{"embeddable":true,"href":"https:\/\/www.cronacaonline.it\/index.php\/wp-json\/wp\/v2\/users\/2"}],"replies":[{"embeddable":true,"href":"https:\/\/www.cronacaonline.it\/index.php\/wp-json\/wp\/v2\/comments?post=220323"}],"version-history":[{"count":1,"href":"https:\/\/www.cronacaonline.it\/index.php\/wp-json\/wp\/v2\/posts\/220323\/revisions"}],"predecessor-version":[{"id":220324,"href":"https:\/\/www.cronacaonline.it\/index.php\/wp-json\/wp\/v2\/posts\/220323\/revisions\/220324"}],"wp:featuredmedia":[{"embeddable":true,"href":"https:\/\/www.cronacaonline.it\/index.php\/wp-json\/wp\/v2\/media\/191300"}],"wp:attachment":[{"href":"https:\/\/www.cronacaonline.it\/index.php\/wp-json\/wp\/v2\/media?parent=220323"}],"wp:term":[{"taxonomy":"category","embeddable":true,"href":"https:\/\/www.cronacaonline.it\/index.php\/wp-json\/wp\/v2\/categories?post=220323"},{"taxonomy":"post_tag","embeddable":true,"href":"https:\/\/www.cronacaonline.it\/index.php\/wp-json\/wp\/v2\/tags?post=220323"}],"curies":[{"name":"wp","href":"https:\/\/api.w.org\/{rel}","templated":true}]}}