{"id":220281,"date":"2022-04-12T18:16:26","date_gmt":"2022-04-12T16:16:26","guid":{"rendered":"https:\/\/www.cronacaonline.it\/?p=220281"},"modified":"2022-04-12T18:16:29","modified_gmt":"2022-04-12T16:16:29","slug":"i-capigruppo-incontrano-la-federbalneari-invito-ai-parlamentari-sardi-lassessore-sanna-difenderemo-le-imprese-sarde-nel-rispetto-della-legge","status":"publish","type":"post","link":"https:\/\/www.cronacaonline.it\/index.php\/2022\/04\/12\/i-capigruppo-incontrano-la-federbalneari-invito-ai-parlamentari-sardi-lassessore-sanna-difenderemo-le-imprese-sarde-nel-rispetto-della-legge\/","title":{"rendered":"I Capigruppo incontrano la Federbalneari: invito ai Parlamentari sardi. L\u2019assessore Sanna \u201cDifenderemo le imprese sarde, nel rispetto della Legge\u201d."},"content":{"rendered":"\n<p>Cagliari, 12 Apr 2022 \u2013 Sulle concessioni demaniali la Sardegna non ha competenza specifica, la questione deve essere risolta in sede parlamentare e poi a Bruxelles.<\/p>\n\n\n\n<p>Per questo \u00e8 necessario un confronto diretto ed immediato con i parlamentari sardi che saranno invitati per un confronto sui problemi della categoria. \u00c8 quanto \u00e8 emerso questa mattina durante l\u2019incontro tra la Conferenza dei Capigruppo, presieduta dal Presidente Michele Pais, l\u2019assessore regionale degli Enti Locali, Finanze e Urbanistica Quirico Sanna e una delegazione della Federbalneari.<\/p>\n\n\n\n<p>La volont\u00e0 unanime espressa da tutti i Capigruppo, senza distinzione di appartenenza politica, \u00e8 quella&nbsp;&nbsp; di&nbsp;&nbsp; tutelare gli imprenditori sardi del settore che hanno portato avanti con seriet\u00e0 le loro imprese.<\/p>\n\n\n\n<p>La Federbalneari ha ribadito che la manifestazione di questa mattina sotto il Palazzo del Consiglio regionale era di \u201cvicinanza alla Regione\u201d organizzata per sottolineare la linea univoca che esiste tra operatori del settore e le Istituzioni regionali.<\/p>\n\n\n\n<p>La Sardegna \u2013 \u00e8 stato sottolineato pi\u00f9 volte \u2013 ha precise peculiarit\u00e0 che devono essere valutate. Come la grande incidenza delle micro imprese balneari sarde.&nbsp; Inoltre, la nostra isola \u00e8 la regione che ha la minore percentuale di territorio demaniale dato in concessione: appena il 23% contro il 40% del resto d\u2019Italia.<\/p>\n\n\n\n<p>L\u2019avvocato demanialista Vincenzo Cellamare, presente all\u2019incontro, ha illustrato un documento che sar\u00e0 presto protocollato in Consiglio regionale. Tra i punti principali la necessit\u00e0 di una mappatura del territorio, la diversificazione tra nuove concessioni e quelle gi\u00e0 affidate, il riconoscimento di \u201clegittimo affidamento\u201d a chi ha gi\u00e0 la concessione, la netta distinzione che deve essere chiara in materia, tra \u201cbene\u201d e \u201cservizio\u201d.<\/p>\n\n\n\n<p>L\u2019assessore Sanna ha ribadito che la Giunta regionale difender\u00e0 le imprese sarde ma sempre nel rispetto della Legge e ha sottolineato la necessit\u00e0 di fare una ricognizione esatta e puntuale delle concessioni. Questa ricognizione non pu\u00f2 essere certo conclusa, come chiede il Governo nazionale, entro il 1 gennaio 2024.&nbsp; L\u2019esponente della giunta ha lanciato l\u2019allarme su un problema di legalit\u00e0. Per come sono concepiti i bandi c\u2019\u00e8 il rischio che le associazioni malavitose \u2013 ha detto l\u2019assessore \u2013 acquisiscano le concessioni per riciclare denaro. Com<\/p>\n","protected":false},"excerpt":{"rendered":"<p>Cagliari, 12 Apr 2022 \u2013 Sulle concessioni demaniali la Sardegna non ha competenza specifica, la questione deve essere risolta in sede parlamentare e poi a&#8230;<\/p>\n","protected":false},"author":2,"featured_media":192513,"comment_status":"closed","ping_status":"open","sticky":false,"template":"","format":"standard","meta":[],"categories":[49,52],"tags":[],"_links":{"self":[{"href":"https:\/\/www.cronacaonline.it\/index.php\/wp-json\/wp\/v2\/posts\/220281"}],"collection":[{"href":"https:\/\/www.cronacaonline.it\/index.php\/wp-json\/wp\/v2\/posts"}],"about":[{"href":"https:\/\/www.cronacaonline.it\/index.php\/wp-json\/wp\/v2\/types\/post"}],"author":[{"embeddable":true,"href":"https:\/\/www.cronacaonline.it\/index.php\/wp-json\/wp\/v2\/users\/2"}],"replies":[{"embeddable":true,"href":"https:\/\/www.cronacaonline.it\/index.php\/wp-json\/wp\/v2\/comments?post=220281"}],"version-history":[{"count":1,"href":"https:\/\/www.cronacaonline.it\/index.php\/wp-json\/wp\/v2\/posts\/220281\/revisions"}],"predecessor-version":[{"id":220282,"href":"https:\/\/www.cronacaonline.it\/index.php\/wp-json\/wp\/v2\/posts\/220281\/revisions\/220282"}],"wp:featuredmedia":[{"embeddable":true,"href":"https:\/\/www.cronacaonline.it\/index.php\/wp-json\/wp\/v2\/media\/192513"}],"wp:attachment":[{"href":"https:\/\/www.cronacaonline.it\/index.php\/wp-json\/wp\/v2\/media?parent=220281"}],"wp:term":[{"taxonomy":"category","embeddable":true,"href":"https:\/\/www.cronacaonline.it\/index.php\/wp-json\/wp\/v2\/categories?post=220281"},{"taxonomy":"post_tag","embeddable":true,"href":"https:\/\/www.cronacaonline.it\/index.php\/wp-json\/wp\/v2\/tags?post=220281"}],"curies":[{"name":"wp","href":"https:\/\/api.w.org\/{rel}","templated":true}]}}