{"id":220255,"date":"2022-04-12T12:15:33","date_gmt":"2022-04-12T10:15:33","guid":{"rendered":"https:\/\/www.cronacaonline.it\/?p=220255"},"modified":"2022-04-12T12:15:36","modified_gmt":"2022-04-12T10:15:36","slug":"ferie-solidali-tra-dipendenti-regionali-lassessore-zedda-tappa-significativa-e-importante-provvedimento-rivolto-ai-lavoratori-piu-bisognosi","status":"publish","type":"post","link":"https:\/\/www.cronacaonline.it\/index.php\/2022\/04\/12\/ferie-solidali-tra-dipendenti-regionali-lassessore-zedda-tappa-significativa-e-importante-provvedimento-rivolto-ai-lavoratori-piu-bisognosi\/","title":{"rendered":"Ferie solidali tra dipendenti regionali. L\u2019assessore Zedda: \u201ctappa significativa e importante provvedimento rivolto ai lavoratori pi\u00f9 bisognosi\u201d."},"content":{"rendered":"\n<p>Cagliari, 12 aprile 2022 -\u00a0I dipendenti regionali\u00a0potranno donare le loro giornate di ferie ai colleghi che ne hanno pi\u00f9 bisogno. Il provvedimento, fortemente voluto dall\u2019Assessorato del Lavoro e frutto di un accordo sindacale, consente infatti al dipendente la possibilit\u00e0 di cessione di parte delle ferie spettanti a favore dei lavoratori che si trovino nella necessit\u00e0 di doverne fruire per assistere un familiare o in caso di particolari condizioni di salute del dipendente affetto da gravi patologie. \u201cL\u2019Accordo con le organizzazioni sindacali del comparto Formazione Professionale \u00e8 stato sottoscritto qualche giorno fa\u00a0\u00a0- spiega l\u2019Assessore del Lavorio, Alessandra Zedda - e oltre a rappresentare una tappa significativa e necessaria al completamento del\u00a0\u00a0processo di armonizzazione delle prestazioni lavorative dei dipendenti della Lista speciale\u00a0\u00a0a quelle del personale dell\u2019Amministrazione regionale, \u00e8 anche un Istituto che accogliamo con estremo favore perch\u00e9 introduce criteri di solidariet\u00e0 e sostegno verso i pi\u00f9 bisognosi\u201d, ha concluso l\u2019esponente della Giunta Sarda.<\/p>\n\n\n\n<p>L\u2019istituto delle ferie solidali, che non comporta alcun costo per l\u2019Amministrazione \u00e8 infatti finalizzato a promuovere e a diffondere la cultura della solidariet\u00e0 nella realt\u00e0 lavorativa e a creare le condizioni favorevoli per la nascita di comportamenti solidali verso i lavoratori e le lavoratrici in difficolt\u00e0. Nell\u2019accordo sottoscritto \u00e8 inoltre prevista l\u2019estensione al personale della Lista speciale dell\u2019istituto dei 15 giorni di permessi retribuiti per gravi motivi di famiglia e personali e il diritto alle ferie retribuite annuali pari a 32 giorni lavorativi e di 4 giornate di ferie in sostituzione di tutte le festivit\u00e0 soppresse. Si \u00e8 inoltre stabilito che agli effetti del computo delle ferie, la settimana lavorativa si articola su 5 giorni e il sabato non \u00e8 considerato lavorativo, cos\u00ec come previsto per i dipendenti dell\u2019Amministrazione regionale. Com<\/p>\n","protected":false},"excerpt":{"rendered":"<p>Cagliari, 12 aprile 2022 &#8211;\u00a0I dipendenti regionali\u00a0potranno donare le loro giornate di ferie ai colleghi che ne hanno pi\u00f9 bisogno. Il provvedimento, fortemente voluto dall\u2019Assessorato&#8230;<\/p>\n","protected":false},"author":2,"featured_media":216421,"comment_status":"closed","ping_status":"open","sticky":false,"template":"","format":"standard","meta":[],"categories":[49,52],"tags":[],"_links":{"self":[{"href":"https:\/\/www.cronacaonline.it\/index.php\/wp-json\/wp\/v2\/posts\/220255"}],"collection":[{"href":"https:\/\/www.cronacaonline.it\/index.php\/wp-json\/wp\/v2\/posts"}],"about":[{"href":"https:\/\/www.cronacaonline.it\/index.php\/wp-json\/wp\/v2\/types\/post"}],"author":[{"embeddable":true,"href":"https:\/\/www.cronacaonline.it\/index.php\/wp-json\/wp\/v2\/users\/2"}],"replies":[{"embeddable":true,"href":"https:\/\/www.cronacaonline.it\/index.php\/wp-json\/wp\/v2\/comments?post=220255"}],"version-history":[{"count":1,"href":"https:\/\/www.cronacaonline.it\/index.php\/wp-json\/wp\/v2\/posts\/220255\/revisions"}],"predecessor-version":[{"id":220256,"href":"https:\/\/www.cronacaonline.it\/index.php\/wp-json\/wp\/v2\/posts\/220255\/revisions\/220256"}],"wp:featuredmedia":[{"embeddable":true,"href":"https:\/\/www.cronacaonline.it\/index.php\/wp-json\/wp\/v2\/media\/216421"}],"wp:attachment":[{"href":"https:\/\/www.cronacaonline.it\/index.php\/wp-json\/wp\/v2\/media?parent=220255"}],"wp:term":[{"taxonomy":"category","embeddable":true,"href":"https:\/\/www.cronacaonline.it\/index.php\/wp-json\/wp\/v2\/categories?post=220255"},{"taxonomy":"post_tag","embeddable":true,"href":"https:\/\/www.cronacaonline.it\/index.php\/wp-json\/wp\/v2\/tags?post=220255"}],"curies":[{"name":"wp","href":"https:\/\/api.w.org\/{rel}","templated":true}]}}