{"id":220243,"date":"2022-04-12T11:45:52","date_gmt":"2022-04-12T09:45:52","guid":{"rendered":"https:\/\/www.cronacaonline.it\/?p=220243"},"modified":"2022-04-12T11:45:55","modified_gmt":"2022-04-12T09:45:55","slug":"bit-milano-assessore-chessa-il-patrimonio-identitario-della-sardegna-puo-rafforzare-lofferta-turistica","status":"publish","type":"post","link":"https:\/\/www.cronacaonline.it\/index.php\/2022\/04\/12\/bit-milano-assessore-chessa-il-patrimonio-identitario-della-sardegna-puo-rafforzare-lofferta-turistica\/","title":{"rendered":"Bit Milano, assessore Chessa: &#8216;il patrimonio identitario della Sardegna pu\u00f2 rafforzare l&#8217;offerta turistica&#8217;."},"content":{"rendered":"\n<p>Milano,\u00a012 aprile 2022\u00a0\u2013 \"La Sardegna alla Bit non si \u00e8 fatta notare solamente per avere uno spazio espositivo tra i pi\u00f9 grandi e pi\u00f9 belli, ma anche per un folto gruppo, circa 50 persone, che ha rappresentato la variet\u00e0 e la qualit\u00e0 del patrimonio etnomusicale e folkloristico isolano, noto e apprezzato per la diversit\u00e0 e l'originalit\u00e0\u00a0delle sue espressioni\". Lo ha detto l'assessore regionale del Turismo, Gianni Chessa, sottolineando l'importanza della presenza, nei tre giorni della Borsa internazionale del turismo di Milano, di un gruppo di artisti arrivati dall\u2019Isola per offrire, dal palco dello 'Spazio Sardegna', uno spaccato del vasto patrimonio culturale isolano.<\/p>\n\n\n\n<p>Il programma, organizzato dalla Fondazione Maria Carta, ha proposto esibizioni, coi costumi tradizionali, di musica, ballo e canto legati alla tradizione sarda, con nove appuntamenti giornalieri di circa 15 minuti ciascuno, preceduti dall'introduzione del giornalista Giacomo Serreli per illustrare le caratteristiche del patrimonio etnomusicale isolano.<\/p>\n\n\n\n<p>\"Il nostro patrimonio identitario - ha aggiunto l'assessore Chessa \u2013 \u00e8 un'altra miniera a disposizione del nostro prodotto turistico, potendo offrire, territorio dopo territorio, svariati balli, diversit\u00e0 nei costumi, variet\u00e0 di strumenti musicali e un ricco repertorio di canti tradizionali, che ha come punta di diamante il 'canto a tenore', dal 2005 riconosciuto dall'Unesco tra i&nbsp;\u2018patrimoni orali e immateriali dell'umanit\u00e0\u2019. Riconoscimento che sarebbe auspicabile anche per le launeddas, strumento che anche alla Bit ha suscitato particolare attenzione e gradimento. Forti di un profondo senso di identit\u00e0 e di orgoglio per le proprie radici, dobbiamo impegnarci affinch\u00e9 le tradizioni popolari, ancora profondamente radicate nella nostra Isola, siano esempi di unicit\u00e0 che la Sardegna pu\u00f2 sfruttare per rafforzare l'offerta turistica\".<\/p>\n\n\n\n<p>Protagonisti degli spettacoli quotidiani alla Bit sono stati i gruppi folk di&nbsp;Cagliari-Villanova, Quartu Sant'Elena,&nbsp;San Nicol\u00f2 Arcidano,&nbsp;Tempio Pausania, Uta e Villasor. Per accompagnare le voci di Vanessa Denanni e Alessandro Magrini, si sono esibiti i musicisti Andrea Pisu e Giancarlo Seu (launeddas), Marco Bande, Giuseppe Cubeddu,&nbsp;Vanni Masala&nbsp;e Giampaolo Piredda (organetto), Luca Schirru (tamburello) e Mauro Spiga (su sulittu). Oltre al gruppo di canto a tenore \"Cuncordu 'e Onne\" di Fonni con Marco Cadau, Alberto Mattu, Francesco Mulas e Andrea Nonne.&nbsp;Com<\/p>\n","protected":false},"excerpt":{"rendered":"<p>Milano,\u00a012 aprile 2022\u00a0\u2013 &#8220;La Sardegna alla Bit non si \u00e8 fatta notare solamente per avere uno spazio espositivo tra i pi\u00f9 grandi e pi\u00f9 belli,&#8230;<\/p>\n","protected":false},"author":2,"featured_media":220244,"comment_status":"closed","ping_status":"open","sticky":false,"template":"","format":"standard","meta":[],"categories":[49,52],"tags":[],"_links":{"self":[{"href":"https:\/\/www.cronacaonline.it\/index.php\/wp-json\/wp\/v2\/posts\/220243"}],"collection":[{"href":"https:\/\/www.cronacaonline.it\/index.php\/wp-json\/wp\/v2\/posts"}],"about":[{"href":"https:\/\/www.cronacaonline.it\/index.php\/wp-json\/wp\/v2\/types\/post"}],"author":[{"embeddable":true,"href":"https:\/\/www.cronacaonline.it\/index.php\/wp-json\/wp\/v2\/users\/2"}],"replies":[{"embeddable":true,"href":"https:\/\/www.cronacaonline.it\/index.php\/wp-json\/wp\/v2\/comments?post=220243"}],"version-history":[{"count":1,"href":"https:\/\/www.cronacaonline.it\/index.php\/wp-json\/wp\/v2\/posts\/220243\/revisions"}],"predecessor-version":[{"id":220245,"href":"https:\/\/www.cronacaonline.it\/index.php\/wp-json\/wp\/v2\/posts\/220243\/revisions\/220245"}],"wp:featuredmedia":[{"embeddable":true,"href":"https:\/\/www.cronacaonline.it\/index.php\/wp-json\/wp\/v2\/media\/220244"}],"wp:attachment":[{"href":"https:\/\/www.cronacaonline.it\/index.php\/wp-json\/wp\/v2\/media?parent=220243"}],"wp:term":[{"taxonomy":"category","embeddable":true,"href":"https:\/\/www.cronacaonline.it\/index.php\/wp-json\/wp\/v2\/categories?post=220243"},{"taxonomy":"post_tag","embeddable":true,"href":"https:\/\/www.cronacaonline.it\/index.php\/wp-json\/wp\/v2\/tags?post=220243"}],"curies":[{"name":"wp","href":"https:\/\/api.w.org\/{rel}","templated":true}]}}