{"id":220213,"date":"2022-04-11T18:01:20","date_gmt":"2022-04-11T16:01:20","guid":{"rendered":"https:\/\/www.cronacaonline.it\/?p=220213"},"modified":"2022-04-11T18:01:23","modified_gmt":"2022-04-11T16:01:23","slug":"consiglio-sardegna-commissioni-il-calendario-della-settimana-16","status":"publish","type":"post","link":"https:\/\/www.cronacaonline.it\/index.php\/2022\/04\/11\/consiglio-sardegna-commissioni-il-calendario-della-settimana-16\/","title":{"rendered":"Consiglio Sardegna &#8211; Commissioni: il calendario della settimana."},"content":{"rendered":"\n<p>\u00a0Cagliari, 11 Apr 2022 - L\u2019attivit\u00e0 delle commissioni consiliari riprender\u00f2 domani (marted\u00ec 12), alle 16.00, con la seduta della commissione Governo del Territorio, presieduta da Giuseppe Talanas (Forza Italia). All\u2019ordine del giorno l\u2019esame del disegno di legge 221 in materia di edilizia residenziale pubblica, e delle proposte di legge 258 (Tutela dell\u2019avifauna dai danni degli impianti elettrici ed eolici) e 242 (Utilizzo delle spiagge libere e degli stabilimenti oggetto di concessione). I lavori proseguiranno il giorno successivo alle 10.00 con lo stesso ordine del giorno.<\/p>\n\n\n\n<p>La commissione Cultura e Lavoro, presieduta da Francesco Stara (Udc-Cambiamo) si riunir\u00e0 invece mercoled\u00ec 13 alle 15.00, per una audizione dell\u2019assessore della Cultura Andrea Biancareddu che illustrer\u00e0 una delibera riguardante la nomina di un componente della commissione tecnico-artistica.<\/p>\n\n\n\n<p>Successivamente i lavori, a partire dalle 15.30, procederanno in seduta congiunta con la commissione Bilancio presieduta da Stefano Schirru (Psd\u2019Az). Le due commissioni ascolteranno le relazioni dell\u2019assessore del Lavoro Alessandra Zedda e dell\u2019Autorit\u00e0 di gestione del Por-Fse sul Parere 170 (Proposta di programma regionale Fse-Sardegna 2021\/2027).<\/p>\n\n\n\n<p>Per quanto riguarda la commissione Bilancio dovranno essere esaminati anche i pareri finanziari relativi alla Proposta di legge 99 (organizzazione amministrativa dei Giudici di Pace) ed il Testo unificato sull\u2019autismo.<\/p>\n\n\n\n<p>Gioved\u00ec 14 aprile, alle 10.30, sar\u00e0 la volta della commissione Sanit\u00e0, presieduta da Antonio Mario Mundula (Fdi). Alla presenza dell\u2019assessore Mario Nieddu saranno discussi i pareri 161 (Contratti aggiuntivi di formazione specialistica); 163 (Programmazione del fondo per le politiche relative a diritti e pari opportunit\u00e0) e 165 (Interventi a favore della famiglie per il supporto alla genitorialit\u00e0). Com<\/p>\n","protected":false},"excerpt":{"rendered":"<p>\u00a0Cagliari, 11 Apr 2022 &#8211; L\u2019attivit\u00e0 delle commissioni consiliari riprender\u00f2 domani (marted\u00ec 12), alle 16.00, con la seduta della commissione Governo del Territorio, presieduta da&#8230;<\/p>\n","protected":false},"author":2,"featured_media":192512,"comment_status":"closed","ping_status":"open","sticky":false,"template":"","format":"standard","meta":[],"categories":[49,52],"tags":[],"_links":{"self":[{"href":"https:\/\/www.cronacaonline.it\/index.php\/wp-json\/wp\/v2\/posts\/220213"}],"collection":[{"href":"https:\/\/www.cronacaonline.it\/index.php\/wp-json\/wp\/v2\/posts"}],"about":[{"href":"https:\/\/www.cronacaonline.it\/index.php\/wp-json\/wp\/v2\/types\/post"}],"author":[{"embeddable":true,"href":"https:\/\/www.cronacaonline.it\/index.php\/wp-json\/wp\/v2\/users\/2"}],"replies":[{"embeddable":true,"href":"https:\/\/www.cronacaonline.it\/index.php\/wp-json\/wp\/v2\/comments?post=220213"}],"version-history":[{"count":1,"href":"https:\/\/www.cronacaonline.it\/index.php\/wp-json\/wp\/v2\/posts\/220213\/revisions"}],"predecessor-version":[{"id":220214,"href":"https:\/\/www.cronacaonline.it\/index.php\/wp-json\/wp\/v2\/posts\/220213\/revisions\/220214"}],"wp:featuredmedia":[{"embeddable":true,"href":"https:\/\/www.cronacaonline.it\/index.php\/wp-json\/wp\/v2\/media\/192512"}],"wp:attachment":[{"href":"https:\/\/www.cronacaonline.it\/index.php\/wp-json\/wp\/v2\/media?parent=220213"}],"wp:term":[{"taxonomy":"category","embeddable":true,"href":"https:\/\/www.cronacaonline.it\/index.php\/wp-json\/wp\/v2\/categories?post=220213"},{"taxonomy":"post_tag","embeddable":true,"href":"https:\/\/www.cronacaonline.it\/index.php\/wp-json\/wp\/v2\/tags?post=220213"}],"curies":[{"name":"wp","href":"https:\/\/api.w.org\/{rel}","templated":true}]}}