{"id":220211,"date":"2022-04-11T17:58:13","date_gmt":"2022-04-11T15:58:13","guid":{"rendered":"https:\/\/www.cronacaonline.it\/?p=220211"},"modified":"2022-04-11T17:58:15","modified_gmt":"2022-04-11T15:58:15","slug":"emigrazione-lassessore-zedda-alle-compagnie-aeree-e-marittime-a-pasqua-tariffe-vantaggiose-per-i-sardi-residenti-fuori-dallisola","status":"publish","type":"post","link":"https:\/\/www.cronacaonline.it\/index.php\/2022\/04\/11\/emigrazione-lassessore-zedda-alle-compagnie-aeree-e-marittime-a-pasqua-tariffe-vantaggiose-per-i-sardi-residenti-fuori-dallisola\/","title":{"rendered":"Emigrazione, l\u2019assessore Zedda alle compagnie aeree e marittime: \u201ca pasqua tariffe vantaggiose per i sardi residenti fuori dall\u2019isola\u201d."},"content":{"rendered":"\n<p>Cagliari, 11 aprile 2022 \u2013\u00a0\u201cIl diritto alla mobilit\u00e0 deve essere garantito e agevolato per i nostri emigrati che in occasione della Pasqua intendono fare ritorno nella propria terra. L\u2019auspicio \u00e8 che i soggetti che nelle diverse modalit\u00e0 previste operano nei trasporti da e per la Sardegna possano assicurare la possibilit\u00e0 di accedere a tariffe adeguate\u201d.<\/p>\n\n\n\n<p>\u00c8 l\u2019invito che l\u2019Assessore del Lavoro, competente per le politiche dell\u2019emigrazione, Alessandra Zedda, rivolge alle compagnie aeree affinch\u00e9, in occasione delle vacanze pasquali, vengano previste tariffe speciali o vantaggiose per gli emigrati. \u201cConsentire agli emigrati di rientrare in Sardegna \u2013 ha proseguito l\u2019Assessore Zedda - \u00e8 un investimento non solo per la nostra economia e per il nostro tessuto sociale ma anche per chi opera sulle nostre rotte aeree. Mi auguro che nell\u2019imminenza della Pasqua venga permesso a chi vive fuori dal nostri confini di riabbracciare le proprie famiglie d\u2019origine, per questo chiedo un gesto di disponibilit\u00e0 e buona volont\u00e0 alle compagnie aeree\u201d, ha concluso l\u2019esponente della Giunta Sarda.<\/p>\n","protected":false},"excerpt":{"rendered":"<p>Cagliari, 11 aprile 2022 \u2013\u00a0\u201cIl diritto alla mobilit\u00e0 deve essere garantito e agevolato per i nostri emigrati che in occasione della Pasqua intendono fare ritorno&#8230;<\/p>\n","protected":false},"author":2,"featured_media":216421,"comment_status":"closed","ping_status":"open","sticky":false,"template":"","format":"standard","meta":[],"categories":[49,52],"tags":[],"_links":{"self":[{"href":"https:\/\/www.cronacaonline.it\/index.php\/wp-json\/wp\/v2\/posts\/220211"}],"collection":[{"href":"https:\/\/www.cronacaonline.it\/index.php\/wp-json\/wp\/v2\/posts"}],"about":[{"href":"https:\/\/www.cronacaonline.it\/index.php\/wp-json\/wp\/v2\/types\/post"}],"author":[{"embeddable":true,"href":"https:\/\/www.cronacaonline.it\/index.php\/wp-json\/wp\/v2\/users\/2"}],"replies":[{"embeddable":true,"href":"https:\/\/www.cronacaonline.it\/index.php\/wp-json\/wp\/v2\/comments?post=220211"}],"version-history":[{"count":1,"href":"https:\/\/www.cronacaonline.it\/index.php\/wp-json\/wp\/v2\/posts\/220211\/revisions"}],"predecessor-version":[{"id":220212,"href":"https:\/\/www.cronacaonline.it\/index.php\/wp-json\/wp\/v2\/posts\/220211\/revisions\/220212"}],"wp:featuredmedia":[{"embeddable":true,"href":"https:\/\/www.cronacaonline.it\/index.php\/wp-json\/wp\/v2\/media\/216421"}],"wp:attachment":[{"href":"https:\/\/www.cronacaonline.it\/index.php\/wp-json\/wp\/v2\/media?parent=220211"}],"wp:term":[{"taxonomy":"category","embeddable":true,"href":"https:\/\/www.cronacaonline.it\/index.php\/wp-json\/wp\/v2\/categories?post=220211"},{"taxonomy":"post_tag","embeddable":true,"href":"https:\/\/www.cronacaonline.it\/index.php\/wp-json\/wp\/v2\/tags?post=220211"}],"curies":[{"name":"wp","href":"https:\/\/api.w.org\/{rel}","templated":true}]}}