{"id":220200,"date":"2022-04-11T15:52:58","date_gmt":"2022-04-11T13:52:58","guid":{"rendered":"https:\/\/www.cronacaonline.it\/?p=220200"},"modified":"2022-04-11T15:53:01","modified_gmt":"2022-04-11T13:53:01","slug":"archeologika-assessore-chessa-la-bit-di-milano-e-loccasione-giusta-per-il-lancio-nazionale-delle-nostre-proposte-di-turismo-culturale","status":"publish","type":"post","link":"https:\/\/www.cronacaonline.it\/index.php\/2022\/04\/11\/archeologika-assessore-chessa-la-bit-di-milano-e-loccasione-giusta-per-il-lancio-nazionale-delle-nostre-proposte-di-turismo-culturale\/","title":{"rendered":"\u2018Archeologika\u2019, assessore Chessa: \u2018la bit di Milano \u00e8 l\u2019occasione giusta per il lancio nazionale delle nostre proposte di turismo culturale\u2019."},"content":{"rendered":"\n<p>Milano, 11 Apr 2022\u00a0\u2013 \u201cCon un concreto impegno nella tutela e nella valorizzazione dei beni storici e archeologici\u00a0possiamo finalmente\u00a0proporre\u00a0la Sardegna\u00a0come meta del turismo culturale. Il rafforzamento di questo segmento turistico,\u00a0forte dell'unicit\u00e0 che, anche in questo settore,\u00a0caratterizza\u00a0l\u2019Isola, pu\u00f2\u00a0rappresentare una risorsa importante da sfruttare sempre meglio nel mercato nazionale e internazionale. Non solo perch\u00e9 \u00e8 giusto far conoscere al mondo la storia millenaria della Sardegna, ma anche perch\u00e9 esiste una tendenza che vede il turismo culturale in forte crescita\u00a0e la Regione vuole investire\u00a0per farlo\u00a0diventare un'offerta importante del sistema turistico sardo\u201d.\u00a0Lo ha detto l\u2019assessore regionale del Turismo, Gianni Chessa, questa mattina, durante la conferenza stampa per\u00a0la presentazione ufficiale, anche con le immagini in anteprima dell\u2019allestimento, di\u00a0\"Archeologika 2022\", che si terr\u00e0, a met\u00e0 settembre nella passeggiata coperta del Bastione di Saint Remy a Cagliari, su iniziativa dell\u2019Assessorato regionale del Turismo e in collaborazione\u00a0con la\u00a0Fondazione\u00a0Mont'e Prama.<\/p>\n\n\n\n<p>\u201cSar\u00e0 un vero e proprio \u2018expo\u2019 dell\u2019archeologia, dove, per la prima volta, all\u2019interno di una stessa iniziativa si troveranno tutte le professionalit\u00e0 del settore, dai siti museali a quelli archeologici, esperti nazionali e internazionali, la stampa specializzata e i tour operator \u2013 ha aggiunto l\u2019assessore Chessa \u2013 Metteremo in vetrina il vasto patrimonio archeologico realizzando un appuntamento di elevato profilo culturale, che coniugher\u00e0 la tradizione con la modernit\u00e0 e sancir\u00e0 una Sardegna appetibile e competitiva anche nel turismo culturale. Siamo una terra ricca di storie affascinanti che meritano di essere raccontate e che rappresentano una grande opportunit\u00e0 anche per il sistema delle imprese turistiche, delle agenzie culturali e delle amministrazioni locali nei vari territori. I sardi devono riappropriarsi con orgoglio della propria identit\u00e0 e prendere coscienza del valore storico e culturale della propria terra\".<\/p>\n\n\n\n<p>\"L\u2019ennesima dimostrazione dell\u2019interesse per la nostra storia \u2013 ha ricordato l'esponente della Giunta Solinas \u2013 arriva dal successo della mostra 'Sardegna isola megalitica\u201d, promossa dalla Regione (fondi Por Fesr Sardegna 2014-2020) e giunta alla terza tappa a Salonicco (fino al 15 maggio), che sta garantendo una visibilit\u00e0 internazionale all\u2019Isola, ai suoi musei, ai suoi beni archeologici. La mostra, che ospita anche un Gigante di Mont\u2019e Prama (un pugilatore), \u00e8 gi\u00e0 stata vista da 213.400 visitatori, tra il Neues Museum di Berlino e il Museo Ermitage di San Pietroburgo. Dopo la Grecia avr\u00e0 l\u2019ultima tappa al Museo Mann di Napoli dal 10 giugno. I reperti esposti sono solo un assaggio dell\u2019offerta che garantisce l'immenso patrimonio archeologico sardo, che pu\u00f2 posizionare la Sardegna ai vertici del mercato turistico-culturale, attirando turisti, studiosi e appassionati dall'Italia e dall\u2019estero durante tutto l'anno. Il turismo culturale \u00e8 una delle varie chiavi per destagionalizzare i flussi turistici\u201d.<\/p>\n\n\n\n<p>\u201cArcheologika \u00e8 un'iniziativa culturale prestigiosa, fortemente voluta dal presidente Solinas che crede nel turismo archeologico, che far\u00e0 parlare della Sardegna e della sua storia identitaria e millenaria. A supporto di questo vasto progetto di tutela e valorizzazione del patrimonio culturale, la Giunta regionale sta facendo importanti investimenti. In particolare, ha stanziato un milione di euro per la progettazione e la realizzazione di campagne di scavo archeologico nei siti di significativa rilevanza storica e culturale. Dalla nostra storia, caratterizzata da un fascino unico, possiamo trarre linfa vitale per il futuro della nostra Isola, promuovendo una forma di turismo moderno e intelligente, soprattutto nei \u2018mesi di spalla\u2019 e nelle zone interne\u201d, ha concluso l\u2019Assessore del Turismo. Com<\/p>\n","protected":false},"excerpt":{"rendered":"<p>Milano, 11 Apr 2022\u00a0\u2013 \u201cCon un concreto impegno nella tutela e nella valorizzazione dei beni storici e archeologici\u00a0possiamo finalmente\u00a0proporre\u00a0la Sardegna\u00a0come meta del turismo culturale. Il&#8230;<\/p>\n","protected":false},"author":2,"featured_media":220201,"comment_status":"closed","ping_status":"open","sticky":false,"template":"","format":"standard","meta":[],"categories":[49,52],"tags":[],"_links":{"self":[{"href":"https:\/\/www.cronacaonline.it\/index.php\/wp-json\/wp\/v2\/posts\/220200"}],"collection":[{"href":"https:\/\/www.cronacaonline.it\/index.php\/wp-json\/wp\/v2\/posts"}],"about":[{"href":"https:\/\/www.cronacaonline.it\/index.php\/wp-json\/wp\/v2\/types\/post"}],"author":[{"embeddable":true,"href":"https:\/\/www.cronacaonline.it\/index.php\/wp-json\/wp\/v2\/users\/2"}],"replies":[{"embeddable":true,"href":"https:\/\/www.cronacaonline.it\/index.php\/wp-json\/wp\/v2\/comments?post=220200"}],"version-history":[{"count":1,"href":"https:\/\/www.cronacaonline.it\/index.php\/wp-json\/wp\/v2\/posts\/220200\/revisions"}],"predecessor-version":[{"id":220202,"href":"https:\/\/www.cronacaonline.it\/index.php\/wp-json\/wp\/v2\/posts\/220200\/revisions\/220202"}],"wp:featuredmedia":[{"embeddable":true,"href":"https:\/\/www.cronacaonline.it\/index.php\/wp-json\/wp\/v2\/media\/220201"}],"wp:attachment":[{"href":"https:\/\/www.cronacaonline.it\/index.php\/wp-json\/wp\/v2\/media?parent=220200"}],"wp:term":[{"taxonomy":"category","embeddable":true,"href":"https:\/\/www.cronacaonline.it\/index.php\/wp-json\/wp\/v2\/categories?post=220200"},{"taxonomy":"post_tag","embeddable":true,"href":"https:\/\/www.cronacaonline.it\/index.php\/wp-json\/wp\/v2\/tags?post=220200"}],"curies":[{"name":"wp","href":"https:\/\/api.w.org\/{rel}","templated":true}]}}